{"id":687,"date":"2026-05-03T01:09:19","date_gmt":"2026-05-02T22:09:19","guid":{"rendered":"https:\/\/yoncagazetesi.com\/?p=687"},"modified":"2026-05-03T01:09:19","modified_gmt":"2026-05-02T22:09:19","slug":"3-mayis-turkculuk-gunu-ortak-kimligin-ve-milli-suurun-guclu-sesi","status":"publish","type":"post","link":"https:\/\/yoncagazetesi.com\/index.php\/2026\/05\/03\/3-mayis-turkculuk-gunu-ortak-kimligin-ve-milli-suurun-guclu-sesi\/","title":{"rendered":"3 May\u0131s T\u00fcrk\u00e7\u00fcl\u00fck G\u00fcn\u00fc: Ortak Kimli\u011fin ve Milli \u015euurun G\u00fc\u00e7l\u00fc Sesi"},"content":{"rendered":"<p>AZXP Milletvekili Prof. Dr. Murat Kan\u2019dan anlaml\u0131 mesaj: \u201cT\u00fcrk d\u00fcnyas\u0131n\u0131n birli\u011fi, sadece bir ideal de\u011fil, tarihi bir sorumluluktur.\u201d<\/p>\n<p>3 May\u0131s T\u00fcrk\u00e7\u00fcl\u00fck G\u00fcn\u00fc dolay\u0131s\u0131yla a\u00e7\u0131klamalarda bulunan Azerbaycan Halk Parlamentosu (AZXP) Milletvekili Prof. Dr. Murat Kan, T\u00fcrk d\u00fcnyas\u0131n\u0131n ortak de\u011ferlerine, milli kimli\u011fine ve tarihsel miras\u0131na vurgu yapt\u0131.<\/p>\n<p>Prof. Dr. Murat Kan, yapt\u0131\u011f\u0131 a\u00e7\u0131klamada 3 May\u0131s\u2019\u0131n yaln\u0131zca bir anma g\u00fcn\u00fc olmad\u0131\u011f\u0131n\u0131, ayn\u0131 zamanda T\u00fcrk milletinin ba\u011f\u0131ms\u0131zl\u0131k iradesinin, k\u00fclt\u00fcrel direni\u015finin ve birlik \u015fuurunun sembol\u00fc oldu\u011funu ifade etti.<\/p>\n<p>\u201cT\u00fcrk\u00e7\u00fcl\u00fck, bir ayr\u0131m de\u011fil; birle\u015ftirici bir bilin\u00e7tir\u201d diyen Kan, \u015fu ifadeleri kulland\u0131:<\/p>\n<p>\u201c3 May\u0131s, T\u00fcrk milletinin varolu\u015f m\u00fccadelesinde fikir ve inan\u00e7 u\u011fruna verilen onurlu bir direni\u015fin ad\u0131d\u0131r. Bu g\u00fcn, bizlere sadece ge\u00e7mi\u015fi hat\u0131rlatmakla kalmaz, ayn\u0131 zamanda gelece\u011fe dair sorumluluklar\u0131m\u0131z\u0131 da y\u00fckler. T\u00fcrk d\u00fcnyas\u0131n\u0131n birlik ve beraberli\u011fi, bug\u00fcn her zamankinden daha b\u00fcy\u00fck bir \u00f6nem ta\u015f\u0131maktad\u0131r.\u201d<\/p>\n<p>Azerbaycan ve T\u00fcrkiye ba\u015fta olmak \u00fczere t\u00fcm T\u00fcrk co\u011frafyas\u0131n\u0131n ortak bir k\u00fclt\u00fcr, dil ve tarih etraf\u0131nda kenetlendi\u011fini belirten Kan, bu birlikteli\u011fin siyasi, ekonomik ve k\u00fclt\u00fcrel alanlarda daha da g\u00fc\u00e7lendirilmesi gerekti\u011fini vurgulad\u0131.<\/p>\n<p>Azerbaycan Halk Parlamentosu\u2019nun bu anlay\u0131\u015f do\u011frultusunda faaliyetlerini s\u00fcrd\u00fcrd\u00fc\u011f\u00fcn\u00fc dile getiren Kan, T\u00fcrk d\u00fcnyas\u0131n\u0131n ortak platformlarda daha etkin temsil edilmesi i\u00e7in \u00e7al\u0131\u015fmalar\u0131n devam etti\u011fini ifade etti.<\/p>\n<p>Kan a\u00e7\u0131klamas\u0131n\u0131 \u015fu s\u00f6zlerle tamamlad\u0131:<\/p>\n<p>\u201cT\u00fcrk\u00e7\u00fcl\u00fck G\u00fcn\u00fc vesilesiyle, milli m\u00fccadele ruhunu ya\u015fatan t\u00fcm fikir insanlar\u0131n\u0131 sayg\u0131yla an\u0131yor; T\u00fcrk d\u00fcnyas\u0131n\u0131n birlik, dirlik ve y\u00fckseli\u015f yolunda kararl\u0131l\u0131kla ilerleyece\u011fine olan inanc\u0131m\u0131 bir kez daha ifade ediyorum.\u201d<\/p>\n","protected":false},"excerpt":{"rendered":"<p>AZXP Milletvekili Prof. Dr. Murat Kan\u2019dan anlaml\u0131 mesaj: \u201cT\u00fcrk d\u00fcnyas\u0131n\u0131n birli\u011fi, sadece bir ideal de\u011fil, tarihi bir sorumluluktur.\u201d 3 May\u0131s T\u00fcrk\u00e7\u00fcl\u00fck G\u00fcn\u00fc dolay\u0131s\u0131yla a\u00e7\u0131klamalarda bulunan Azerbaycan Halk Parlamentosu (AZXP) Milletvekili Prof. Dr. Murat Kan, T\u00fcrk d\u00fcnyas\u0131n\u0131n ortak de\u011ferlerine, milli kimli\u011fine ve tarihsel miras\u0131na vurgu yapt\u0131. Prof. Dr. Murat Kan, yapt\u0131\u011f\u0131 a\u00e7\u0131klamada 3 May\u0131s\u2019\u0131n yaln\u0131zca bir [&hellip;]<\/p>\n","protected":false},"author":1,"featured_media":684,"comment_status":"open","ping_status":"open","sticky":false,"template":"","format":"standard","meta":{"footnotes":""},"categories":[1,6,8,9],"tags":[260,209,261,268,249,167,269,200],"class_list":["post-687","post","type-post","status-publish","format-standard","has-post-thumbnail","hentry","category-genel","category-gundem","category-manset","category-politika","tag-abamedia","tag-akademisyen","tag-azerbeycanhalkparlementosu","tag-millimukavemet","tag-profdrmuratkan","tag-turkiye","tag-turkmilliyetcileri","tag-yoncagazetesi"],"_links":{"self":[{"href":"https:\/\/yoncagazetesi.com\/index.php\/wp-json\/wp\/v2\/posts\/687","targetHints":{"allow":["GET"]}}],"collection":[{"href":"https:\/\/yoncagazetesi.com\/index.php\/wp-json\/wp\/v2\/posts"}],"about":[{"href":"https:\/\/yoncagazetesi.com\/index.php\/wp-json\/wp\/v2\/types\/post"}],"author":[{"embeddable":true,"href":"https:\/\/yoncagazetesi.com\/index.php\/wp-json\/wp\/v2\/users\/1"}],"replies":[{"embeddable":true,"href":"https:\/\/yoncagazetesi.com\/index.php\/wp-json\/wp\/v2\/comments?post=687"}],"version-history":[{"count":1,"href":"https:\/\/yoncagazetesi.com\/index.php\/wp-json\/wp\/v2\/posts\/687\/revisions"}],"predecessor-version":[{"id":688,"href":"https:\/\/yoncagazetesi.com\/index.php\/wp-json\/wp\/v2\/posts\/687\/revisions\/688"}],"wp:featuredmedia":[{"embeddable":true,"href":"https:\/\/yoncagazetesi.com\/index.php\/wp-json\/wp\/v2\/media\/684"}],"wp:attachment":[{"href":"https:\/\/yoncagazetesi.com\/index.php\/wp-json\/wp\/v2\/media?parent=687"}],"wp:term":[{"taxonomy":"category","embeddable":true,"href":"https:\/\/yoncagazetesi.com\/index.php\/wp-json\/wp\/v2\/categories?post=687"},{"taxonomy":"post_tag","embeddable":true,"href":"https:\/\/yoncagazetesi.com\/index.php\/wp-json\/wp\/v2\/tags?post=687"}],"curies":[{"name":"wp","href":"https:\/\/api.w.org\/{rel}","templated":true}]}}