{"id":680,"date":"2026-05-02T01:21:22","date_gmt":"2026-05-01T22:21:22","guid":{"rendered":"https:\/\/yoncagazetesi.com\/?p=680"},"modified":"2026-05-02T01:21:22","modified_gmt":"2026-05-01T22:21:22","slug":"azxp-milletvekili-isa-sadiqovdan-cohar-dudayev-degerlendirmesi","status":"publish","type":"post","link":"https:\/\/yoncagazetesi.com\/index.php\/2026\/05\/02\/azxp-milletvekili-isa-sadiqovdan-cohar-dudayev-degerlendirmesi\/","title":{"rendered":"AZXP Milletvekili \u0130sa Sad\u0131qov\u2019dan Cohar Dudayev De\u011ferlendirmesi"},"content":{"rendered":"<p>Azerbaycan Halk Parlamentosu (AZXP) Milletvekili, Emekli Albay \u0130sa Sad\u0131qov ile \u00f6zel r\u00f6portaj<\/p>\n<p><em><strong>\u201cDireni\u015fin ve \u0130radenin Ad\u0131\u201d<\/strong><\/em><\/p>\n<p>Azerbaycan Halk Parlamentosu (AZXP) Milletvekili ve emekli albay \u0130sa Sad\u0131qov, direni\u015fin sembol isimlerinden Cohar Dudayev\u2019in vefat\u0131n\u0131n 30. y\u0131l\u0131 dolay\u0131s\u0131yla \u00f6nemli de\u011ferlendirmelerde bulundu. Asker\u00ee ge\u00e7mi\u015fi ve siyasi kimli\u011fiyle dikkat \u00e7eken Sad\u0131qov, Dudayev\u2019in yaln\u0131zca bir lider de\u011fil, ayn\u0131 zamanda bir milletin kaderine y\u00f6n veren tarihi bir \u015fahsiyet oldu\u011funu vurgulad\u0131.<\/p>\n<p><strong>Say\u0131n Sad\u0131qov, hem asker\u00ee kimli\u011finiz hem de AZXP Milletvekili olarak Dudayev\u2019i nas\u0131l tan\u0131mlars\u0131n\u0131z?<\/strong><\/p>\n<p>Cohar Dudayev\u2019i anlamak i\u00e7in sadece siyasi y\u00f6n\u00fcne bakmak yeterli de\u011fildir. O, ayn\u0131 zamanda \u00e7ok g\u00fc\u00e7l\u00fc bir asker\u00ee liderdi. Disiplin, strateji ve kararl\u0131l\u0131k onun karakterinin temel ta\u015flar\u0131yd\u0131. Ancak onu as\u0131l \u00f6nemli k\u0131lan, bu birikimi kendi halk\u0131n\u0131n \u00f6zg\u00fcrl\u00fc\u011f\u00fc i\u00e7in kullanm\u0131\u015f olmas\u0131d\u0131r. Bir milletvekili olarak \u015funu a\u00e7\u0131k\u00e7a ifade edebilirim ki, Dudayev gibi liderler sadece kendi d\u00f6nemlerine de\u011fil, gelecek nesillere de y\u00f6n verir.<\/p>\n<p>\u2013 <strong>Dudayev\u2019in m\u00fccadelesi hangi \u015fartlar alt\u0131nda \u015fekillendi?<\/strong><\/p>\n<p>Son derece zor ve e\u015fitsiz \u015fartlar alt\u0131nda. Kar\u015f\u0131s\u0131nda g\u00fc\u00e7l\u00fc bir devlet mekanizmas\u0131 ve b\u00fcy\u00fck bir asker\u00ee yap\u0131 vard\u0131. Ancak bu t\u00fcr m\u00fccadelelerde sadece g\u00fc\u00e7 dengesi belirleyici olmaz. Dudayev\u2019in en \u00f6nemli \u00f6zelli\u011fi, halk\u0131n\u0131 bir arada tutabilmesi ve onlara direnme iradesi kazand\u0131rmas\u0131yd\u0131. O, umudu canl\u0131 tutan bir liderdi.<\/p>\n<p>\u2013 <strong>Asker k\u00f6kenli biri olarak onun liderli\u011finde sizi en \u00e7ok etkileyen unsur nedir?<\/strong><\/p>\n<p>Komuta yetene\u011fi ile toplumsal liderli\u011fi birle\u015ftirebilmesi. Pek \u00e7ok komutan sava\u015f y\u00f6netebilir, ancak herkes bir halk\u0131n ruhunu aya\u011fa kald\u0131ramaz. Dudayev bunu ba\u015fard\u0131. Sadece cephede de\u011fil, zihinlerde de bir direni\u015f in\u015fa etti.<\/p>\n<p>\u2013 <strong>\u00c7e\u00e7en halk\u0131n\u0131n tarihsel m\u00fccadelesiyle Dudayev aras\u0131nda nas\u0131l bir ba\u011f kuruyorsunuz?<\/strong><\/p>\n<p>\u00c7e\u00e7en halk\u0131 tarih boyunca s\u00fcrg\u00fcnler, bask\u0131lar ve kimlik m\u00fccadelesi ya\u015fam\u0131\u015ft\u0131r. Dudayev bu tarihsel s\u00fcrecin bir devam\u0131 ve adeta bir temsilcisidir. Onun ortaya \u00e7\u0131k\u0131\u015f\u0131 tesad\u00fcfi de\u011fil, bir tarihsel zorunlulu\u011fun sonucudur.<\/p>\n<p>\u2013 <strong>Bug\u00fcn Dudayev\u2019in miras\u0131 sizce ne ifade ediyor?<\/strong><\/p>\n<p>Bug\u00fcn onun miras\u0131 sadece bir d\u00f6neme ait de\u011fildir. O, bir halk\u0131n var olma hakk\u0131n\u0131n, dilini ve k\u00fclt\u00fcr\u00fcn\u00fc koruma iradesinin sembol\u00fcd\u00fcr. Bu y\u00f6n\u00fcyle evrensel bir anlam ta\u015f\u0131r. Zaman ge\u00e7tik\u00e7e baz\u0131 liderler unutulur, ancak baz\u0131lar\u0131 daha da b\u00fcy\u00fcr. Dudayev bu ikinci gruba aittir.<\/p>\n<p>\u2013 <strong>AZXP perspektifinden bak\u0131ld\u0131\u011f\u0131nda Dudayev nas\u0131l okunmal\u0131?<\/strong><\/p>\n<p>Azerbaycan Halk Parlamentosu olarak bizler, milletlerin kendi kaderini tayin hakk\u0131n\u0131 temel bir ilke olarak g\u00f6r\u00fcyoruz. Dudayev de bu ilkenin sahadaki kar\u015f\u0131l\u0131\u011f\u0131d\u0131r. Onun m\u00fccadelesi, sadece \u00c7e\u00e7en halk\u0131 i\u00e7in de\u011fil, benzer s\u00fcre\u00e7lerden ge\u00e7en t\u00fcm milletler i\u00e7in \u00f6nemli bir \u00f6rnektir.<\/p>\n<p>\u2013 <strong>Son olarak, Dudayev\u2019i tek c\u00fcmleyle ifade etmeniz gerekse ne s\u00f6ylersiniz?<\/strong><\/p>\n<p>Cohar Dudayev, en zor \u015fartlarda dahi geri ad\u0131m atmayan, halk\u0131n\u0131n onuru ve \u00f6zg\u00fcrl\u00fc\u011f\u00fc i\u00e7in m\u00fccadeleyi sonuna kadar s\u00fcrd\u00fcren bir liderdir.<\/p>\n<p>R\u00f6portaj\u0131n sonunda \u0130sa Sad\u0131qov, Dudayev\u2019in hat\u0131ras\u0131n\u0131n yaln\u0131zca ge\u00e7mi\u015fin bir par\u00e7as\u0131 olarak de\u011fil, gelece\u011fe y\u00f6n veren bir irade olarak ya\u015fat\u0131lmas\u0131 gerekti\u011fini ifade ederek, onun b\u0131rakt\u0131\u011f\u0131 miras\u0131n bug\u00fcn de yol g\u00f6sterici olmaya devam etti\u011fini belirtti.<\/p>\n","protected":false},"excerpt":{"rendered":"<p>Azerbaycan Halk Parlamentosu (AZXP) Milletvekili, Emekli Albay \u0130sa Sad\u0131qov ile \u00f6zel r\u00f6portaj \u201cDireni\u015fin ve \u0130radenin Ad\u0131\u201d Azerbaycan Halk Parlamentosu (AZXP) Milletvekili ve emekli albay \u0130sa Sad\u0131qov, direni\u015fin sembol isimlerinden Cohar Dudayev\u2019in vefat\u0131n\u0131n 30. y\u0131l\u0131 dolay\u0131s\u0131yla \u00f6nemli de\u011ferlendirmelerde bulundu. Asker\u00ee ge\u00e7mi\u015fi ve siyasi kimli\u011fiyle dikkat \u00e7eken Sad\u0131qov, Dudayev\u2019in yaln\u0131zca bir lider de\u011fil, ayn\u0131 zamanda bir milletin [&hellip;]<\/p>\n","protected":false},"author":1,"featured_media":681,"comment_status":"open","ping_status":"open","sticky":false,"template":"","format":"standard","meta":{"footnotes":""},"categories":[2,1,6,8,9],"tags":[260,209,261,272,268,251,269,200],"class_list":["post-680","post","type-post","status-publish","format-standard","has-post-thumbnail","hentry","category-dunya","category-genel","category-gundem","category-manset","category-politika","tag-abamedia","tag-akademisyen","tag-azerbeycanhalkparlementosu","tag-azxp","tag-millimukavemet","tag-siyaset","tag-turkmilliyetcileri","tag-yoncagazetesi"],"_links":{"self":[{"href":"https:\/\/yoncagazetesi.com\/index.php\/wp-json\/wp\/v2\/posts\/680","targetHints":{"allow":["GET"]}}],"collection":[{"href":"https:\/\/yoncagazetesi.com\/index.php\/wp-json\/wp\/v2\/posts"}],"about":[{"href":"https:\/\/yoncagazetesi.com\/index.php\/wp-json\/wp\/v2\/types\/post"}],"author":[{"embeddable":true,"href":"https:\/\/yoncagazetesi.com\/index.php\/wp-json\/wp\/v2\/users\/1"}],"replies":[{"embeddable":true,"href":"https:\/\/yoncagazetesi.com\/index.php\/wp-json\/wp\/v2\/comments?post=680"}],"version-history":[{"count":1,"href":"https:\/\/yoncagazetesi.com\/index.php\/wp-json\/wp\/v2\/posts\/680\/revisions"}],"predecessor-version":[{"id":682,"href":"https:\/\/yoncagazetesi.com\/index.php\/wp-json\/wp\/v2\/posts\/680\/revisions\/682"}],"wp:featuredmedia":[{"embeddable":true,"href":"https:\/\/yoncagazetesi.com\/index.php\/wp-json\/wp\/v2\/media\/681"}],"wp:attachment":[{"href":"https:\/\/yoncagazetesi.com\/index.php\/wp-json\/wp\/v2\/media?parent=680"}],"wp:term":[{"taxonomy":"category","embeddable":true,"href":"https:\/\/yoncagazetesi.com\/index.php\/wp-json\/wp\/v2\/categories?post=680"},{"taxonomy":"post_tag","embeddable":true,"href":"https:\/\/yoncagazetesi.com\/index.php\/wp-json\/wp\/v2\/tags?post=680"}],"curies":[{"name":"wp","href":"https:\/\/api.w.org\/{rel}","templated":true}]}}