{"id":675,"date":"2026-04-28T19:41:58","date_gmt":"2026-04-28T16:41:58","guid":{"rendered":"https:\/\/yoncagazetesi.com\/?p=675"},"modified":"2026-04-28T19:43:25","modified_gmt":"2026-04-28T16:43:25","slug":"milli-mukavemet-ruhu-milletlesme-devlesmenin-temelidir","status":"publish","type":"post","link":"https:\/\/yoncagazetesi.com\/index.php\/2026\/04\/28\/milli-mukavemet-ruhu-milletlesme-devlesmenin-temelidir\/","title":{"rendered":"M\u0130LL\u0130 MUKAVEMET RUHU, \u201cB\u00dcT\u00dcNLE\u015eME, M\u0130LLETLE\u015eME, DEVLET\u015eMEN\u0130N TEMEL\u0130D\u0130R\u201d"},"content":{"rendered":"<p>AZXP Milletvekili ve Milli Mukavemet Te\u015fkilat\u0131 Ba\u015fkan\u0131 Teymur Eminbeyli, te\u015fkilat\u0131n kurulu\u015f y\u0131ld\u00f6n\u00fcm\u00fc dolay\u0131s\u0131yla yapt\u0131\u011f\u0131 kapsaml\u0131 a\u00e7\u0131klamada, hem tarihsel s\u00fcrece hem de g\u00fcn\u00fcm\u00fcz stratejik vizyonuna dair \u00f6nemli mesajlar verdi. Eminbeyli, Milli Mukavemet Te\u015fkilat\u0131\u2019n\u0131n yaln\u0131zca ge\u00e7mi\u015fteki bir direni\u015f hareketi de\u011fil, ayn\u0131 zamanda Azerbaycan\u2019\u0131n milli kimli\u011fini ve devlet akl\u0131n\u0131 \u015fekillendiren k\u00f6kl\u00fc bir yap\u0131 oldu\u011funu ifade etti.<\/p>\n<p>Kurulu\u015f s\u00fcrecine de\u011finen Eminbeyli, te\u015fkilat\u0131n ortaya \u00e7\u0131k\u0131\u015f\u0131n\u0131n zor bir d\u00f6nemin \u00fcr\u00fcn\u00fc oldu\u011funu belirterek, \u201cMilli Mukavemet Te\u015fkilat\u0131, Azerbaycan halk\u0131n\u0131n varolu\u015f m\u00fccadelesinin en kritik e\u015fiklerinden birinde do\u011fmu\u015ftur. Bu yap\u0131, milletimizin hak ve hukukunu savunmak, milli iradeyi korumak ve d\u0131\u015f etkilere kar\u015f\u0131 diren\u00e7 g\u00f6stermek amac\u0131yla kurulmu\u015ftur\u201d dedi.<\/p>\n<p>Eminbeyli, a\u00e7\u0131klamas\u0131nda \u00f6zellikle milli birlik ve beraberlik vurgusu yaparak, Azerbaycan\u2019\u0131n g\u00fc\u00e7l\u00fc bir gelece\u011fe ula\u015fmas\u0131n\u0131n temel \u015fart\u0131n\u0131n toplumsal b\u00fct\u00fcnle\u015fme oldu\u011funun alt\u0131n\u0131 \u00e7izdi. \u201cBizim m\u00fccadelemiz sadece bir d\u00f6nemin \u015fartlar\u0131na ba\u011fl\u0131 de\u011fildir. Bu m\u00fccadele, millet olma bilincinin diri tutulmas\u0131, ortak de\u011ferlerin korunmas\u0131 ve gelecek nesillere g\u00fc\u00e7l\u00fc bir miras b\u0131rak\u0131lmas\u0131 m\u00fccadelesidir\u201d ifadelerini kulland\u0131.<\/p>\n<p>Milli Mukavemet Te\u015fkilat\u0131\u2019n\u0131n g\u00fcn\u00fcm\u00fczde de aktif bir bilin\u00e7 ve duru\u015f temsil etti\u011fini belirten Eminbeyli, te\u015fkilat\u0131n yaln\u0131zca savunma refleksiyle de\u011fil, ayn\u0131 zamanda stratejik ak\u0131l ve toplumsal vizyonla hareket etti\u011fini dile getirdi. \u201cBug\u00fcn geldi\u011fimiz noktada, art\u0131k sadece ayakta kalmay\u0131 de\u011fil; b\u00fcy\u00fcmeyi, g\u00fc\u00e7lenmeyi ve b\u00f6lgesel bir akt\u00f6r olmay\u0131 konu\u015fuyoruz. Bu da ancak g\u00fc\u00e7l\u00fc bir millet bilinciyle m\u00fcmk\u00fcnd\u00fcr\u201d \u015feklinde konu\u015ftu.<\/p>\n<p>Azerbaycan halk\u0131n\u0131n hak ve hukukunun korunmas\u0131n\u0131n her \u015feyin \u00fczerinde oldu\u011funu vurgulayan Eminbeyli, bu \u00e7er\u00e7evede milli reflekslerin canl\u0131 tutulmas\u0131n\u0131n hayati \u00f6neme sahip oldu\u011funu belirtti. \u201cHaklar\u0131m\u0131z\u0131 korumak, sadece hukuki bir mesele de\u011fil; ayn\u0131 zamanda tarihi bir sorumluluktur. Bu sorumlulu\u011fu ta\u015f\u0131yan her birey, bu m\u00fccadelenin bir par\u00e7as\u0131d\u0131r\u201d dedi.<\/p>\n<p>A\u00e7\u0131klamas\u0131n\u0131n devam\u0131nda \u201cb\u00fct\u00fcnle\u015fme, milletle\u015fme ve devle\u015fme\u201d kavramlar\u0131na dikkat \u00e7eken Eminbeyli, bu s\u00fcrecin birbirini tamamlayan a\u015famalar oldu\u011funu ifade etti. \u201cB\u00fct\u00fcnle\u015fme olmadan milletle\u015fme olmaz, milletle\u015fme olmadan da devle\u015fme m\u00fcmk\u00fcn de\u011fildir. Bizim hedefimiz, bu \u00fc\u00e7 temel dinami\u011fi ayn\u0131 anda g\u00fc\u00e7lendirerek Azerbaycan\u2019\u0131 daha b\u00fcy\u00fck bir gelece\u011fe ta\u015f\u0131makt\u0131r\u201d diye konu\u015ftu.<\/p>\n<p>Milli Mukavemet Te\u015fkilat\u0131\u2019n\u0131n ge\u00e7mi\u015ften ald\u0131\u011f\u0131 ilhamla gelece\u011fe y\u00f6n verdi\u011fini belirten Eminbeyli, gen\u00e7 nesillere de \u00f6nemli mesajlar verdi. Gen\u00e7lerin milli bilin\u00e7le yeti\u015fmesinin \u00f6nemine de\u011finen Eminbeyli, \u201cBu te\u015fkilat\u0131n ruhu, sadece ge\u00e7mi\u015fin hat\u0131ras\u0131 de\u011fil; gelece\u011fin in\u015fas\u0131nda yol g\u00f6sterici bir iradedir. Gen\u00e7lerimiz bu bilinci ta\u015f\u0131d\u0131k\u00e7a, Azerbaycan daha da g\u00fc\u00e7lenecektir\u201d ifadelerini kulland\u0131.<\/p>\n<p>Kurulu\u015f y\u0131ld\u00f6n\u00fcm\u00fcn\u00fcn yaln\u0131zca bir anma g\u00fcn\u00fc olmad\u0131\u011f\u0131n\u0131 vurgulayan Eminbeyli, bunun ayn\u0131 zamanda bir muhasebe ve yeniden kararl\u0131l\u0131k g\u00fcn\u00fc oldu\u011funu belirterek s\u00f6zlerini \u015f\u00f6yle tamamlad\u0131:<\/p>\n<p>\u201cBug\u00fcn, ge\u00e7mi\u015fimizi anarken ayn\u0131 zamanda gelece\u011fimizi de in\u015fa etme iradesini ortaya koyuyoruz. Milli Mukavemet ruhu, d\u00fcn oldu\u011fu gibi bug\u00fcn de dimdik ayaktad\u0131r ve yar\u0131nlara y\u00f6n vermeye devam edecektir.\u201d<\/p>\n","protected":false},"excerpt":{"rendered":"<p>AZXP Milletvekili ve Milli Mukavemet Te\u015fkilat\u0131 Ba\u015fkan\u0131 Teymur Eminbeyli, te\u015fkilat\u0131n kurulu\u015f y\u0131ld\u00f6n\u00fcm\u00fc dolay\u0131s\u0131yla yapt\u0131\u011f\u0131 kapsaml\u0131 a\u00e7\u0131klamada, hem tarihsel s\u00fcrece hem de g\u00fcn\u00fcm\u00fcz stratejik vizyonuna dair \u00f6nemli mesajlar verdi. Eminbeyli, Milli Mukavemet Te\u015fkilat\u0131\u2019n\u0131n yaln\u0131zca ge\u00e7mi\u015fteki bir direni\u015f hareketi de\u011fil, ayn\u0131 zamanda Azerbaycan\u2019\u0131n milli kimli\u011fini ve devlet akl\u0131n\u0131 \u015fekillendiren k\u00f6kl\u00fc bir yap\u0131 oldu\u011funu ifade etti. Kurulu\u015f s\u00fcrecine [&hellip;]<\/p>\n","protected":false},"author":1,"featured_media":555,"comment_status":"open","ping_status":"open","sticky":false,"template":"","format":"standard","meta":{"footnotes":""},"categories":[2,1,6,8,9],"tags":[260,265,261,272,268,167,269],"class_list":["post-675","post","type-post","status-publish","format-standard","has-post-thumbnail","hentry","category-dunya","category-genel","category-gundem","category-manset","category-politika","tag-abamedia","tag-azerbaycan","tag-azerbeycanhalkparlementosu","tag-azxp","tag-millimukavemet","tag-turkiye","tag-turkmilliyetcileri"],"_links":{"self":[{"href":"https:\/\/yoncagazetesi.com\/index.php\/wp-json\/wp\/v2\/posts\/675","targetHints":{"allow":["GET"]}}],"collection":[{"href":"https:\/\/yoncagazetesi.com\/index.php\/wp-json\/wp\/v2\/posts"}],"about":[{"href":"https:\/\/yoncagazetesi.com\/index.php\/wp-json\/wp\/v2\/types\/post"}],"author":[{"embeddable":true,"href":"https:\/\/yoncagazetesi.com\/index.php\/wp-json\/wp\/v2\/users\/1"}],"replies":[{"embeddable":true,"href":"https:\/\/yoncagazetesi.com\/index.php\/wp-json\/wp\/v2\/comments?post=675"}],"version-history":[{"count":3,"href":"https:\/\/yoncagazetesi.com\/index.php\/wp-json\/wp\/v2\/posts\/675\/revisions"}],"predecessor-version":[{"id":678,"href":"https:\/\/yoncagazetesi.com\/index.php\/wp-json\/wp\/v2\/posts\/675\/revisions\/678"}],"wp:featuredmedia":[{"embeddable":true,"href":"https:\/\/yoncagazetesi.com\/index.php\/wp-json\/wp\/v2\/media\/555"}],"wp:attachment":[{"href":"https:\/\/yoncagazetesi.com\/index.php\/wp-json\/wp\/v2\/media?parent=675"}],"wp:term":[{"taxonomy":"category","embeddable":true,"href":"https:\/\/yoncagazetesi.com\/index.php\/wp-json\/wp\/v2\/categories?post=675"},{"taxonomy":"post_tag","embeddable":true,"href":"https:\/\/yoncagazetesi.com\/index.php\/wp-json\/wp\/v2\/tags?post=675"}],"curies":[{"name":"wp","href":"https:\/\/api.w.org\/{rel}","templated":true}]}}