{"id":669,"date":"2026-04-27T15:14:08","date_gmt":"2026-04-27T12:14:08","guid":{"rendered":"https:\/\/yoncagazetesi.com\/?p=669"},"modified":"2026-04-27T15:14:08","modified_gmt":"2026-04-27T12:14:08","slug":"azxp-secimlerinde-tarihi-irade","status":"publish","type":"post","link":"https:\/\/yoncagazetesi.com\/index.php\/2026\/04\/27\/azxp-secimlerinde-tarihi-irade\/","title":{"rendered":"AZXP SE\u00c7\u0130MLER\u0130NDE TAR\u0130H\u0130 \u0130RADE"},"content":{"rendered":"<p><strong>T\u00fcrk D\u00fcnyas\u0131n\u0131n Ortak Vicdan\u0131 Sand\u0131\u011fa Yans\u0131d\u0131: Prof. Dr. Murat Kan 7. S\u0131radan Milletvekili Se\u00e7ildi.\u00a0<\/strong><\/p>\n<p>Az\u0259rbaycan Xalq Parlamenti (AZXP) se\u00e7imleri, yaln\u0131zca bir temsil belirleme s\u00fcreci de\u011fil; ayn\u0131 zamanda millet iradesinin, dijital \u00e7a\u011fda dahi nas\u0131l g\u00fc\u00e7l\u00fc ve sars\u0131lmaz \u015fekilde tecelli etti\u011finin a\u00e7\u0131k bir g\u00f6stergesi olarak tarihe ge\u00e7mi\u015ftir. Binlerce vatanda\u015f\u0131n kat\u0131l\u0131m sa\u011flad\u0131\u011f\u0131 online oy verme s\u00fcreci, \u015feffafl\u0131k, eri\u015filebilirlik ve milli bilin\u00e7 a\u00e7\u0131s\u0131ndan \u00f6rnek te\u015fkil edecek bir organizasyon olarak tamamlanm\u0131\u015ft\u0131r.<\/p>\n<p>A\u00e7\u0131klanan kesin sonu\u00e7lara g\u00f6re, akademik birikimi, devlet ciddiyeti ve T\u00fcrk d\u00fcnyas\u0131na y\u00f6nelik stratejik vizyonu ile tan\u0131nan Prof. Dr. Murat Kan, halk\u0131n g\u00fc\u00e7l\u00fc deste\u011fini alarak 7. s\u0131radan milletvekili se\u00e7ilmi\u015ftir.<\/p>\n<p><strong>\u201cBu sonu\u00e7, millet iradesinin tart\u0131\u015fmas\u0131z tecellisidir\u201d<\/strong><\/p>\n<p>Se\u00e7im sonu\u00e7lar\u0131n\u0131n ard\u0131ndan yap\u0131lan resmi a\u00e7\u0131klamada Murat Kan, s\u00fcreci ve ortaya \u00e7\u0131kan tabloyu net bir dille de\u011ferlendirmi\u015ftir:<\/p>\n<p>\u201cOrtaya \u00e7\u0131kan sonu\u00e7, hi\u00e7bir tart\u0131\u015fmaya mahal b\u0131rakmayacak \u015fekilde millet iradesinin a\u00e7\u0131k ve kesin tecellisidir. Bu ba\u015far\u0131; \u015fahsi bir kazan\u0131m de\u011fil, milli \u015fuurun, ortak akl\u0131n ve kararl\u0131 duru\u015fun bir sonucudur.<\/p>\n<p>Sand\u0131\u011fa yans\u0131yan her oy, sadece bir tercih de\u011fil; ayn\u0131 zamanda gelece\u011fe y\u00f6nelik bir irade beyan\u0131d\u0131r. Bu iradeye sahip \u00e7\u0131kmak, bizim i\u00e7in bir g\u00f6rev de\u011fil, bir devlet sorumlulu\u011fudur.\u201d<\/p>\n<p><strong>T\u00fcrkiye\u2019den verilen destek: Stratejik dayan\u0131\u015fman\u0131n a\u00e7\u0131k g\u00f6stergesi<\/strong><\/p>\n<p>Se\u00e7im s\u00fcrecinde T\u00fcrkiye\u2019den gelen destek, s\u00fcrecin en dikkat \u00e7ekici unsurlar\u0131ndan biri olmu\u015ftur. Siyasi partiler, sivil toplum kurulu\u015flar\u0131, d\u00fc\u015f\u00fcnce kurulu\u015flar\u0131 ve geni\u015f halk kesimlerinin ortaya koydu\u011fu destek; yaln\u0131zca bir se\u00e7im s\u00fcrecine katk\u0131 sunmakla kalmam\u0131\u015f, ayn\u0131 zamanda T\u00fcrk d\u00fcnyas\u0131n\u0131n m\u00fc\u015fterek hedefler etraf\u0131nda kenetlenme kapasitesini a\u00e7\u0131k\u00e7a ortaya koymu\u015ftur.<\/p>\n<p><strong>Prof. Dr. Murat Kan, bu deste\u011fe ili\u015fkin yapt\u0131\u011f\u0131 de\u011ferlendirmede \u015fu ifadelere yer vermi\u015ftir:<\/strong><\/p>\n<p>\u201cT\u00fcrkiye\u2019den verilen g\u00fc\u00e7l\u00fc destek, s\u0131radan bir siyasi refleks de\u011fil; k\u00f6kl\u00fc bir tarih bilincinin ve ortak gelecek vizyonunun tezah\u00fcr\u00fcd\u00fcr.<\/p>\n<p>S\u00fcre\u00e7 boyunca yan\u0131m\u0131zda duran t\u00fcm siyasi yap\u0131lara, sivil toplum kurulu\u015flar\u0131na ve milli hassasiyet ta\u015f\u0131yan t\u00fcm kesimlere a\u00e7\u0131k\u00e7a te\u015fekk\u00fcr ediyorum. Bu dayan\u0131\u015fma, sadece bug\u00fcn\u00fcn de\u011fil, yar\u0131n\u0131n da in\u015fas\u0131nda belirleyici olacakt\u0131r.\u201d<\/p>\n<p><strong>Dijital demokrasi: Yeni d\u00f6nemin devlet refleksi<\/strong><\/p>\n<p>AZXP se\u00e7imleri, klasik se\u00e7im anlay\u0131\u015f\u0131n\u0131n \u00f6tesine ge\u00e7erek dijital altyap\u0131 ile g\u00fc\u00e7lendirilmi\u015f yeni nesil bir demokratik model ortaya koymu\u015ftur. Bu model, \u00f6zellikle farkl\u0131 co\u011frafyalarda ya\u015fayan vatanda\u015flar\u0131n s\u00fcrece do\u011frudan kat\u0131l\u0131m\u0131n\u0131 m\u00fcmk\u00fcn k\u0131lm\u0131\u015f; b\u00f6ylece milli iradenin s\u0131n\u0131r tan\u0131mayan bir nitelik kazand\u0131\u011f\u0131n\u0131 g\u00f6stermi\u015ftir.<\/p>\n<p>Uzmanlar, bu sistemin ilerleyen s\u00fcre\u00e7te daha geni\u015f \u00f6l\u00e7ekli uygulamalara zemin haz\u0131rlayabilece\u011fini ve devlet-millet ili\u015fkisini daha dinamik hale getirece\u011fini ifade etmektedir.<\/p>\n<p><strong>Yeni d\u00f6nemde kararl\u0131l\u0131k mesaj\u0131<\/strong><\/p>\n<p>Se\u00e7im sonu\u00e7lar\u0131n\u0131n ard\u0131ndan olu\u015fan yeni yap\u0131n\u0131n, halk\u0131n beklentilerine kar\u015f\u0131l\u0131k verecek g\u00fc\u00e7l\u00fc ad\u0131mlar atmas\u0131 beklenirken; Murat Kan\u2019\u0131n \u00f6zellikle T\u00fcrk d\u00fcnyas\u0131 entegrasyonu, toplumsal bilin\u00e7 in\u015fas\u0131 ve kurumsal yap\u0131lar\u0131n g\u00fc\u00e7lendirilmesi noktas\u0131nda aktif ve belirleyici bir rol \u00fcstlenece\u011fi de\u011ferlendirilmektedir.<\/p>\n<p><strong>BU SADECE B\u0130R SE\u00c7\u0130M DE\u011e\u0130L, B\u0130R DURU\u015eTUR<\/strong><\/p>\n<p>AZXP se\u00e7imleri, bir temsil belirleme s\u00fcrecinin \u00f6tesinde; milli iradenin, ortak kimli\u011fin ve stratejik birlikteli\u011fin g\u00fc\u00e7l\u00fc bir ilan\u0131 olmu\u015ftur. Ortaya \u00e7\u0131kan tablo, T\u00fcrk d\u00fcnyas\u0131n\u0131n gelece\u011fine dair kararl\u0131l\u0131\u011f\u0131n ve iradenin net bir g\u00f6stergesidir.<\/p>\n","protected":false},"excerpt":{"rendered":"<p>T\u00fcrk D\u00fcnyas\u0131n\u0131n Ortak Vicdan\u0131 Sand\u0131\u011fa Yans\u0131d\u0131: Prof. Dr. Murat Kan 7. S\u0131radan Milletvekili Se\u00e7ildi.\u00a0 Az\u0259rbaycan Xalq Parlamenti (AZXP) se\u00e7imleri, yaln\u0131zca bir temsil belirleme s\u00fcreci de\u011fil; ayn\u0131 zamanda millet iradesinin, dijital \u00e7a\u011fda dahi nas\u0131l g\u00fc\u00e7l\u00fc ve sars\u0131lmaz \u015fekilde tecelli etti\u011finin a\u00e7\u0131k bir g\u00f6stergesi olarak tarihe ge\u00e7mi\u015ftir. Binlerce vatanda\u015f\u0131n kat\u0131l\u0131m sa\u011flad\u0131\u011f\u0131 online oy verme s\u00fcreci, \u015feffafl\u0131k, eri\u015filebilirlik [&hellip;]<\/p>\n","protected":false},"author":1,"featured_media":450,"comment_status":"open","ping_status":"open","sticky":false,"template":"","format":"standard","meta":{"footnotes":""},"categories":[2,1,6,8,9],"tags":[260,209,265,261,272,268,251,167,269,200],"class_list":["post-669","post","type-post","status-publish","format-standard","has-post-thumbnail","hentry","category-dunya","category-genel","category-gundem","category-manset","category-politika","tag-abamedia","tag-akademisyen","tag-azerbaycan","tag-azerbeycanhalkparlementosu","tag-azxp","tag-millimukavemet","tag-siyaset","tag-turkiye","tag-turkmilliyetcileri","tag-yoncagazetesi"],"_links":{"self":[{"href":"https:\/\/yoncagazetesi.com\/index.php\/wp-json\/wp\/v2\/posts\/669","targetHints":{"allow":["GET"]}}],"collection":[{"href":"https:\/\/yoncagazetesi.com\/index.php\/wp-json\/wp\/v2\/posts"}],"about":[{"href":"https:\/\/yoncagazetesi.com\/index.php\/wp-json\/wp\/v2\/types\/post"}],"author":[{"embeddable":true,"href":"https:\/\/yoncagazetesi.com\/index.php\/wp-json\/wp\/v2\/users\/1"}],"replies":[{"embeddable":true,"href":"https:\/\/yoncagazetesi.com\/index.php\/wp-json\/wp\/v2\/comments?post=669"}],"version-history":[{"count":1,"href":"https:\/\/yoncagazetesi.com\/index.php\/wp-json\/wp\/v2\/posts\/669\/revisions"}],"predecessor-version":[{"id":670,"href":"https:\/\/yoncagazetesi.com\/index.php\/wp-json\/wp\/v2\/posts\/669\/revisions\/670"}],"wp:featuredmedia":[{"embeddable":true,"href":"https:\/\/yoncagazetesi.com\/index.php\/wp-json\/wp\/v2\/media\/450"}],"wp:attachment":[{"href":"https:\/\/yoncagazetesi.com\/index.php\/wp-json\/wp\/v2\/media?parent=669"}],"wp:term":[{"taxonomy":"category","embeddable":true,"href":"https:\/\/yoncagazetesi.com\/index.php\/wp-json\/wp\/v2\/categories?post=669"},{"taxonomy":"post_tag","embeddable":true,"href":"https:\/\/yoncagazetesi.com\/index.php\/wp-json\/wp\/v2\/tags?post=669"}],"curies":[{"name":"wp","href":"https:\/\/api.w.org\/{rel}","templated":true}]}}