{"id":666,"date":"2026-04-25T16:38:41","date_gmt":"2026-04-25T13:38:41","guid":{"rendered":"https:\/\/yoncagazetesi.com\/?p=666"},"modified":"2026-04-25T16:38:41","modified_gmt":"2026-04-25T13:38:41","slug":"turk-ocaklari-genel-baskani-ferit-yasardan-azxp-secimlerine-guclu-destek","status":"publish","type":"post","link":"https:\/\/yoncagazetesi.com\/index.php\/2026\/04\/25\/turk-ocaklari-genel-baskani-ferit-yasardan-azxp-secimlerine-guclu-destek\/","title":{"rendered":"T\u00fcrk Ocaklar\u0131 Genel Ba\u015fkan\u0131 Ferit Ya\u015far\u2019dan AZXP Se\u00e7imlerine G\u00fc\u00e7l\u00fc Destek"},"content":{"rendered":"<p><strong>\u201cBu K\u0131v\u0131lc\u0131m T\u00fcrk Birli\u011finin Ate\u015fidir\u201d<\/strong><\/p>\n<p>Turan Hareket Konseyi ve T\u00fcrk Ocaklar\u0131 Genel Ba\u015fkan\u0131 Ferit Ya\u015far, Azerbaycan\u2019da ger\u00e7ekle\u015ftirilen AZXP Azerbaycan Halk Parlamentosu se\u00e7imlerine ili\u015fkin sert ve vurgulu bir destek mesaj\u0131 yay\u0131mlad\u0131. Ya\u015far, se\u00e7imleri yaln\u0131zca bir demokratik s\u00fcre\u00e7 olarak de\u011fil, T\u00fcrk milletinin tarih sahnesinde yeniden g\u00fc\u00e7l\u00fc bir \u015fekilde yer alma iradesinin a\u00e7\u0131k bir g\u00f6stergesi olarak de\u011ferlendirdi.<\/p>\n<p>A\u00e7\u0131klamas\u0131nda T\u00fcrk\u00e7\u00fcl\u00fck vurgusunu \u00f6n plana \u00e7\u0131karan Ya\u015far, \u201cAzerbaycan\u2019da yak\u0131lan bu me\u015fale, sadece bir se\u00e7im sonucu de\u011fil; T\u00fcrk milletinin as\u0131rlard\u0131r ta\u015f\u0131d\u0131\u011f\u0131 birlik idealinin yeniden dirili\u015fidir\u201d ifadelerini kulland\u0131. Bu s\u00fcrecin, T\u00fcrk d\u00fcnyas\u0131n\u0131n par\u00e7al\u0131 yap\u0131s\u0131ndan s\u0131yr\u0131larak daha g\u00fc\u00e7l\u00fc bir b\u00fct\u00fcn haline gelmesi a\u00e7\u0131s\u0131ndan kritik bir e\u015fik oldu\u011funu belirtti.<\/p>\n<p>Ferit Ya\u015far, milli \u015fuur, ortak tarih ve k\u00fclt\u00fcrel ba\u011flar\u0131n siyasi iradeyle birle\u015fmesi gerekti\u011fine dikkat \u00e7ekerek, \u201cT\u00fcrk milleti, kendi kaderini ba\u015fkalar\u0131n\u0131n \u00e7izdi\u011fi s\u0131n\u0131rlar i\u00e7inde de\u011fil, kendi iradesiyle tayin edecek kudrete sahiptir. AZXP se\u00e7imleri bu iradenin sahaya yans\u0131m\u0131\u015f halidir\u201d dedi.<\/p>\n<p>A\u00e7\u0131klamas\u0131nda daha sert bir ton kullanan Ya\u015far, T\u00fcrk d\u00fcnyas\u0131n\u0131n art\u0131k edilgen bir konumda kalamayaca\u011f\u0131n\u0131 vurgulayarak, \u201cBu bir tercih de\u011fil, bir zarurettir. Ya birlik olaca\u011f\u0131z ya da tarih sahnesinde da\u011f\u0131n\u0131k kalman\u0131n bedelini \u00f6demeye devam edece\u011fiz\u201d ifadelerine yer verdi.<\/p>\n<p>Mesaj\u0131n\u0131n sonunda AZXP b\u00fcnyesinde g\u00f6rev alacak temsilcileri tebrik eden Ferit Ya\u015far, bu yap\u0131n\u0131n kararl\u0131l\u0131kla b\u00fcy\u00fct\u00fclmesi gerekti\u011fini belirterek, \u201cBu k\u0131v\u0131lc\u0131m s\u00f6nmeyecek, bu irade geri ad\u0131m atmayacakt\u0131r\u201d s\u00f6zleriyle a\u00e7\u0131klamas\u0131n\u0131 tamamlad\u0131.<\/p>\n","protected":false},"excerpt":{"rendered":"<p>\u201cBu K\u0131v\u0131lc\u0131m T\u00fcrk Birli\u011finin Ate\u015fidir\u201d Turan Hareket Konseyi ve T\u00fcrk Ocaklar\u0131 Genel Ba\u015fkan\u0131 Ferit Ya\u015far, Azerbaycan\u2019da ger\u00e7ekle\u015ftirilen AZXP Azerbaycan Halk Parlamentosu se\u00e7imlerine ili\u015fkin sert ve vurgulu bir destek mesaj\u0131 yay\u0131mlad\u0131. Ya\u015far, se\u00e7imleri yaln\u0131zca bir demokratik s\u00fcre\u00e7 olarak de\u011fil, T\u00fcrk milletinin tarih sahnesinde yeniden g\u00fc\u00e7l\u00fc bir \u015fekilde yer alma iradesinin a\u00e7\u0131k bir g\u00f6stergesi olarak de\u011ferlendirdi. A\u00e7\u0131klamas\u0131nda [&hellip;]<\/p>\n","protected":false},"author":1,"featured_media":667,"comment_status":"open","ping_status":"open","sticky":false,"template":"","format":"standard","meta":{"footnotes":""},"categories":[2,1,6,8,9],"tags":[260,261,272,268,167,171,269],"class_list":["post-666","post","type-post","status-publish","format-standard","has-post-thumbnail","hentry","category-dunya","category-genel","category-gundem","category-manset","category-politika","tag-abamedia","tag-azerbeycanhalkparlementosu","tag-azxp","tag-millimukavemet","tag-turkiye","tag-turkmenler","tag-turkmilliyetcileri"],"_links":{"self":[{"href":"https:\/\/yoncagazetesi.com\/index.php\/wp-json\/wp\/v2\/posts\/666","targetHints":{"allow":["GET"]}}],"collection":[{"href":"https:\/\/yoncagazetesi.com\/index.php\/wp-json\/wp\/v2\/posts"}],"about":[{"href":"https:\/\/yoncagazetesi.com\/index.php\/wp-json\/wp\/v2\/types\/post"}],"author":[{"embeddable":true,"href":"https:\/\/yoncagazetesi.com\/index.php\/wp-json\/wp\/v2\/users\/1"}],"replies":[{"embeddable":true,"href":"https:\/\/yoncagazetesi.com\/index.php\/wp-json\/wp\/v2\/comments?post=666"}],"version-history":[{"count":1,"href":"https:\/\/yoncagazetesi.com\/index.php\/wp-json\/wp\/v2\/posts\/666\/revisions"}],"predecessor-version":[{"id":668,"href":"https:\/\/yoncagazetesi.com\/index.php\/wp-json\/wp\/v2\/posts\/666\/revisions\/668"}],"wp:featuredmedia":[{"embeddable":true,"href":"https:\/\/yoncagazetesi.com\/index.php\/wp-json\/wp\/v2\/media\/667"}],"wp:attachment":[{"href":"https:\/\/yoncagazetesi.com\/index.php\/wp-json\/wp\/v2\/media?parent=666"}],"wp:term":[{"taxonomy":"category","embeddable":true,"href":"https:\/\/yoncagazetesi.com\/index.php\/wp-json\/wp\/v2\/categories?post=666"},{"taxonomy":"post_tag","embeddable":true,"href":"https:\/\/yoncagazetesi.com\/index.php\/wp-json\/wp\/v2\/tags?post=666"}],"curies":[{"name":"wp","href":"https:\/\/api.w.org\/{rel}","templated":true}]}}