{"id":656,"date":"2026-04-25T14:20:58","date_gmt":"2026-04-25T11:20:58","guid":{"rendered":"https:\/\/yoncagazetesi.com\/?p=656"},"modified":"2026-04-25T14:20:58","modified_gmt":"2026-04-25T11:20:58","slug":"azxp-turk-dunyasinda-ortak-bilincin-yukselisi","status":"publish","type":"post","link":"https:\/\/yoncagazetesi.com\/index.php\/2026\/04\/25\/azxp-turk-dunyasinda-ortak-bilincin-yukselisi\/","title":{"rendered":"Azxp, T\u00fcrk D\u00fcnyas\u0131nda Ortak Bilincin Y\u00fckseli\u015fi"},"content":{"rendered":"<p>T\u00fcrk Hareketi Derne\u011fi Genel Ba\u015fkan\u0131 Atilla \u015eim\u015fek, Azerbaycan\u2019da ger\u00e7ekle\u015ftirilen AZXP Azerbaycan Halk Parlamentosu se\u00e7imlerine ili\u015fkin bir tebrik mesaj\u0131 yay\u0131mlad\u0131. \u015eim\u015fek, se\u00e7imlerin yaln\u0131zca bir siyasi s\u00fcre\u00e7 de\u011fil, ayn\u0131 zamanda T\u00fcrk d\u00fcnyas\u0131nda ortak bilin\u00e7 ve dayan\u0131\u015fman\u0131n g\u00fc\u00e7lendi\u011finin \u00f6nemli bir g\u00f6stergesi oldu\u011funu ifade etti.<\/p>\n<p>Yapt\u0131\u011f\u0131 a\u00e7\u0131klamada, halk\u0131n kendi iradesiyle \u015fekillenen y\u00f6netim anlay\u0131\u015flar\u0131n\u0131n gelece\u011fin en sa\u011flam temeli oldu\u011funu belirten \u015eim\u015fek, \u201cAzerbaycan halk\u0131n\u0131n ortaya koydu\u011fu bu irade, sadece kendi \u00fclkesi i\u00e7in de\u011fil, t\u00fcm T\u00fcrk d\u00fcnyas\u0131 ad\u0131na umut verici bir geli\u015fmedir\u201d dedi.<\/p>\n<p>\u015eim\u015fek, AZXP se\u00e7imlerinin kat\u0131l\u0131mc\u0131, \u015feffaf ve halk merkezli yap\u0131s\u0131yla dikkat \u00e7ekti\u011fini vurgulayarak, bu modelin ilerleyen s\u00fcre\u00e7te farkl\u0131 co\u011frafyalarda da \u00f6rnek al\u0131nabilecek nitelikte oldu\u011funu dile getirdi. T\u00fcrk d\u00fcnyas\u0131nda birlik ve ortak hareket kabiliyetinin \u00f6nemine de\u011finen \u015eim\u015fek, bu t\u00fcr giri\u015fimlerin k\u00fclt\u00fcrel ve siyasi ba\u011flar\u0131 daha da g\u00fc\u00e7lendirece\u011fini ifade etti.<\/p>\n<p>T\u00fcrk Hareketi Derne\u011fi olarak halk\u0131n s\u00f6z sahibi oldu\u011fu t\u00fcm demokratik s\u00fcre\u00e7leri desteklediklerini belirten Atilla \u015eim\u015fek, AZXP b\u00fcnyesinde g\u00f6rev alacak temsilcilere ba\u015far\u0131lar dileyerek, al\u0131nacak kararlar\u0131n T\u00fcrk d\u00fcnyas\u0131n\u0131n ortak gelece\u011fine katk\u0131 sa\u011flamas\u0131n\u0131 temenni etti.<\/p>\n","protected":false},"excerpt":{"rendered":"<p>T\u00fcrk Hareketi Derne\u011fi Genel Ba\u015fkan\u0131 Atilla \u015eim\u015fek, Azerbaycan\u2019da ger\u00e7ekle\u015ftirilen AZXP Azerbaycan Halk Parlamentosu se\u00e7imlerine ili\u015fkin bir tebrik mesaj\u0131 yay\u0131mlad\u0131. \u015eim\u015fek, se\u00e7imlerin yaln\u0131zca bir siyasi s\u00fcre\u00e7 de\u011fil, ayn\u0131 zamanda T\u00fcrk d\u00fcnyas\u0131nda ortak bilin\u00e7 ve dayan\u0131\u015fman\u0131n g\u00fc\u00e7lendi\u011finin \u00f6nemli bir g\u00f6stergesi oldu\u011funu ifade etti. Yapt\u0131\u011f\u0131 a\u00e7\u0131klamada, halk\u0131n kendi iradesiyle \u015fekillenen y\u00f6netim anlay\u0131\u015flar\u0131n\u0131n gelece\u011fin en sa\u011flam temeli oldu\u011funu belirten [&hellip;]<\/p>\n","protected":false},"author":1,"featured_media":657,"comment_status":"open","ping_status":"open","sticky":false,"template":"","format":"standard","meta":{"footnotes":""},"categories":[2,1,6,8,9],"tags":[260,265,261,272,268,251,171,269,200],"class_list":["post-656","post","type-post","status-publish","format-standard","has-post-thumbnail","hentry","category-dunya","category-genel","category-gundem","category-manset","category-politika","tag-abamedia","tag-azerbaycan","tag-azerbeycanhalkparlementosu","tag-azxp","tag-millimukavemet","tag-siyaset","tag-turkmenler","tag-turkmilliyetcileri","tag-yoncagazetesi"],"_links":{"self":[{"href":"https:\/\/yoncagazetesi.com\/index.php\/wp-json\/wp\/v2\/posts\/656","targetHints":{"allow":["GET"]}}],"collection":[{"href":"https:\/\/yoncagazetesi.com\/index.php\/wp-json\/wp\/v2\/posts"}],"about":[{"href":"https:\/\/yoncagazetesi.com\/index.php\/wp-json\/wp\/v2\/types\/post"}],"author":[{"embeddable":true,"href":"https:\/\/yoncagazetesi.com\/index.php\/wp-json\/wp\/v2\/users\/1"}],"replies":[{"embeddable":true,"href":"https:\/\/yoncagazetesi.com\/index.php\/wp-json\/wp\/v2\/comments?post=656"}],"version-history":[{"count":1,"href":"https:\/\/yoncagazetesi.com\/index.php\/wp-json\/wp\/v2\/posts\/656\/revisions"}],"predecessor-version":[{"id":658,"href":"https:\/\/yoncagazetesi.com\/index.php\/wp-json\/wp\/v2\/posts\/656\/revisions\/658"}],"wp:featuredmedia":[{"embeddable":true,"href":"https:\/\/yoncagazetesi.com\/index.php\/wp-json\/wp\/v2\/media\/657"}],"wp:attachment":[{"href":"https:\/\/yoncagazetesi.com\/index.php\/wp-json\/wp\/v2\/media?parent=656"}],"wp:term":[{"taxonomy":"category","embeddable":true,"href":"https:\/\/yoncagazetesi.com\/index.php\/wp-json\/wp\/v2\/categories?post=656"},{"taxonomy":"post_tag","embeddable":true,"href":"https:\/\/yoncagazetesi.com\/index.php\/wp-json\/wp\/v2\/tags?post=656"}],"curies":[{"name":"wp","href":"https:\/\/api.w.org\/{rel}","templated":true}]}}