{"id":654,"date":"2026-04-24T14:33:57","date_gmt":"2026-04-24T11:33:57","guid":{"rendered":"https:\/\/yoncagazetesi.com\/?p=654"},"modified":"2026-04-24T14:33:57","modified_gmt":"2026-04-24T11:33:57","slug":"azxp-dijital-secimlerinde-tarihi-son-duzluk","status":"publish","type":"post","link":"https:\/\/yoncagazetesi.com\/index.php\/2026\/04\/24\/azxp-dijital-secimlerinde-tarihi-son-duzluk\/","title":{"rendered":"AZXP D\u0130J\u0130TAL SE\u00c7\u0130MLER\u0130NDE TAR\u0130H\u0130 SON D\u00dcZL\u00dcK"},"content":{"rendered":"<p><strong>\u201cBASKILARA RA\u011eMEN HALKIN \u0130RADES\u0130 KAZANACAK\u201d<\/strong><\/p>\n<p>Azerbaycan\u2019da b\u00fcy\u00fck bir demokratik d\u00f6n\u00fc\u015f\u00fcm\u00fcn simgesi haline gelen AZXP Dijital Se\u00e7imleri\u2019nde son iki g\u00fcne girilirken, halk\u0131n yo\u011fun kat\u0131l\u0131m\u0131 ve y\u00fcksek motivasyonu dikkat \u00e7ekiyor. S\u00fcre\u00e7, yaln\u0131zca bir se\u00e7im olman\u0131n \u00f6tesine ge\u00e7erek; milli iradenin, birlik ruhunun ve kararl\u0131 bir siyasi duru\u015fun g\u00fc\u00e7l\u00fc bir tezah\u00fcr\u00fc olarak de\u011ferlendiriliyor.<\/p>\n<p>Se\u00e7im s\u00fcrecine ili\u015fkin a\u00e7\u0131klamada bulunan Prof. Dr. Murat KAN, ya\u015fanan t\u00fcm zorluklara ra\u011fmen halk\u0131n ortaya koydu\u011fu iradenin tarihi bir anlam ta\u015f\u0131d\u0131\u011f\u0131n\u0131 vurgulad\u0131.<\/p>\n<p><strong>\u201cBASKILARA, ENGELLERE RA\u011eMEN YOLUMUZDAN D\u00d6NMED\u0130K\u201d<\/strong><\/p>\n<p>Prof. Dr. Murat KAN a\u00e7\u0131klamas\u0131nda \u015fu ifadelere yer verdi:<\/p>\n<p>\u201cAZXP Dijital Se\u00e7imleri, sadece bir oylama s\u00fcreci de\u011fil; Azerbaycan halk\u0131n\u0131n kaderine sahip \u00e7\u0131kt\u0131\u011f\u0131, milli iradesini hi\u00e7bir bask\u0131ya boyun e\u011fmeden ortaya koydu\u011fu tarihi bir direni\u015ftir. Bu s\u00fcre\u00e7te \u00e7e\u015fitli engellerle, bask\u0131larla ve y\u0131ld\u0131rma politikalar\u0131yla kar\u015f\u0131 kar\u015f\u0131ya kald\u0131k. Ancak bizler, inand\u0131\u011f\u0131m\u0131z yoldan bir an olsun geri ad\u0131m atmad\u0131k. \u00c7\u00fcnk\u00fc biliyoruz ki; hakl\u0131 olan\u0131n g\u00fcc\u00fc, her t\u00fcrl\u00fc bask\u0131n\u0131n \u00fczerindedir.\u201d<\/p>\n<p><strong>\u201cM\u0130LL\u0130 B\u0130RL\u0130K VE T\u00dcRK M\u0130LL\u0130YET\u00c7\u0130L\u0130\u011e\u0130 EN B\u00dcY\u00dcK G\u00dcC\u00dcM\u00dcZD\u00dcR\u201d<\/strong><\/p>\n<p>A\u00e7\u0131klamas\u0131nda siyasi duru\u015funu net bir \u015fekilde ortaya koyan KAN, milli birlik ve T\u00fcrk d\u00fcnyas\u0131 bilincinin alt\u0131n\u0131 \u00e7izdi:<\/p>\n<p>\u201cBizim siyasi duru\u015fumuz; milli egemenli\u011fi esas alan, halk\u0131n iradesini merkeze koyan ve T\u00fcrk milletinin ortak de\u011ferlerini savunan bir anlay\u0131\u015ft\u0131r. T\u00fcrk milliyet\u00e7ili\u011fi, bu s\u00fcre\u00e7te bizi bir arada tutan en g\u00fc\u00e7l\u00fc ba\u011fd\u0131r. Azerbaycan\u2019dan T\u00fcrkiye\u2019ye, Orta Asya\u2019dan Kerk\u00fck\u2019e kadar uzanan bu b\u00fcy\u00fck g\u00f6n\u00fcl co\u011frafyas\u0131nda, kaderimiz ortakt\u0131r. Bu se\u00e7imler de bu ortak kaderin bir yans\u0131mas\u0131d\u0131r.\u201d<\/p>\n<p><strong>\u201cDI\u015e M\u00dcDAHALELERE KAR\u015eI EN G\u00dc\u00c7L\u00dc CEVAP: HALKIN \u0130RADES\u0130\u201d<\/strong><\/p>\n<p>Se\u00e7im s\u00fcrecine y\u00f6nelik d\u0131\u015f etkilere de de\u011finen KAN, halk\u0131n bilin\u00e7li duru\u015funa dikkat \u00e7ekti:<\/p>\n<p>\u201cD\u0131\u015f g\u00fc\u00e7lerin \u00e7e\u015fitli yollarla s\u00fcrece etki etme \u00e7abalar\u0131 asla kabul edilemez. Ancak g\u00f6r\u00fcyoruz ki Azerbaycan halk\u0131 bu oyunlar\u0131n fark\u0131ndad\u0131r. Dijital se\u00e7im modeliyle ortaya konan \u015feffafl\u0131k ve kat\u0131l\u0131m g\u00fcc\u00fc, bu m\u00fcdahaleleri bo\u015fa \u00e7\u0131karm\u0131\u015ft\u0131r. Halk\u0131n iradesi kar\u015f\u0131s\u0131nda hi\u00e7bir g\u00fc\u00e7 duramaz.\u201d<\/p>\n<p><strong>S\u0130YAS\u0130 PART\u0130LER VE STK\u2019LARDAN GEN\u0130\u015e DESTEK<\/strong><\/p>\n<p>S\u00fcre\u00e7 boyunca bir\u00e7ok siyasi parti, sivil toplum kurulu\u015fu ve kanaat \u00f6nderinin destek mesajlar\u0131 yay\u0131mlad\u0131\u011f\u0131na dikkat \u00e7ekilirken, bu desteklerin milli dayan\u0131\u015fmay\u0131 daha da g\u00fc\u00e7lendirdi\u011fi ifade edildi. Farkl\u0131 g\u00f6r\u00fc\u015flerden gelen bu ortak destek, se\u00e7imlerin birle\u015ftirici g\u00fcc\u00fcn\u00fc g\u00f6zler \u00f6n\u00fcne serdi.<\/p>\n<p><strong>HALKA TAR\u0130H\u0130 \u00c7A\u011eRI<\/strong><\/p>\n<p>Prof. Dr. Murat KAN, a\u00e7\u0131klamas\u0131n\u0131n sonunda Azerbaycan halk\u0131na g\u00fc\u00e7l\u00fc bir \u00e7a\u011fr\u0131da bulundu:<\/p>\n<p>\u201cAziz Azerbaycan halk\u0131; bug\u00fcn tarih yazma g\u00fcn\u00fcd\u00fcr. Bug\u00fcn, birlik olma g\u00fcn\u00fcd\u00fcr. Bug\u00fcn, irademize sahip \u00e7\u0131kma g\u00fcn\u00fcd\u00fcr. Son iki g\u00fcn i\u00e7erisinde sand\u0131\u011fa giderek oyumuzu kullanal\u0131m ve bu b\u00fcy\u00fck demokratik s\u00fcreci en g\u00fc\u00e7l\u00fc \u015fekilde ta\u00e7land\u0131ral\u0131m. Unutmayal\u0131m ki; bizim g\u00fcc\u00fcm\u00fcz birli\u011fimizdedir. Ve halk\u0131n g\u00fcc\u00fc, her \u015feyin \u00fczerindedir.\u201d<\/p>\n<p>AZXP Dijital Se\u00e7imleri\u2019nde art\u0131k son saatlere girilirken, ortaya \u00e7\u0131kan tablo; Azerbaycan halk\u0131n\u0131n kararl\u0131l\u0131\u011f\u0131n\u0131, dirayetini ve ortak gelece\u011fe olan inanc\u0131n\u0131 a\u00e7\u0131k\u00e7a ortaya koyuyor.<\/p>\n","protected":false},"excerpt":{"rendered":"<p>\u201cBASKILARA RA\u011eMEN HALKIN \u0130RADES\u0130 KAZANACAK\u201d Azerbaycan\u2019da b\u00fcy\u00fck bir demokratik d\u00f6n\u00fc\u015f\u00fcm\u00fcn simgesi haline gelen AZXP Dijital Se\u00e7imleri\u2019nde son iki g\u00fcne girilirken, halk\u0131n yo\u011fun kat\u0131l\u0131m\u0131 ve y\u00fcksek motivasyonu dikkat \u00e7ekiyor. S\u00fcre\u00e7, yaln\u0131zca bir se\u00e7im olman\u0131n \u00f6tesine ge\u00e7erek; milli iradenin, birlik ruhunun ve kararl\u0131 bir siyasi duru\u015fun g\u00fc\u00e7l\u00fc bir tezah\u00fcr\u00fc olarak de\u011ferlendiriliyor. Se\u00e7im s\u00fcrecine ili\u015fkin a\u00e7\u0131klamada bulunan Prof. [&hellip;]<\/p>\n","protected":false},"author":1,"featured_media":623,"comment_status":"open","ping_status":"open","sticky":false,"template":"","format":"standard","meta":{"footnotes":""},"categories":[2,1,6,8,9],"tags":[260,209,265,261,272,268,197,249,269,200],"class_list":["post-654","post","type-post","status-publish","format-standard","has-post-thumbnail","hentry","category-dunya","category-genel","category-gundem","category-manset","category-politika","tag-abamedia","tag-akademisyen","tag-azerbaycan","tag-azerbeycanhalkparlementosu","tag-azxp","tag-millimukavemet","tag-murat-kan","tag-profdrmuratkan","tag-turkmilliyetcileri","tag-yoncagazetesi"],"_links":{"self":[{"href":"https:\/\/yoncagazetesi.com\/index.php\/wp-json\/wp\/v2\/posts\/654","targetHints":{"allow":["GET"]}}],"collection":[{"href":"https:\/\/yoncagazetesi.com\/index.php\/wp-json\/wp\/v2\/posts"}],"about":[{"href":"https:\/\/yoncagazetesi.com\/index.php\/wp-json\/wp\/v2\/types\/post"}],"author":[{"embeddable":true,"href":"https:\/\/yoncagazetesi.com\/index.php\/wp-json\/wp\/v2\/users\/1"}],"replies":[{"embeddable":true,"href":"https:\/\/yoncagazetesi.com\/index.php\/wp-json\/wp\/v2\/comments?post=654"}],"version-history":[{"count":1,"href":"https:\/\/yoncagazetesi.com\/index.php\/wp-json\/wp\/v2\/posts\/654\/revisions"}],"predecessor-version":[{"id":655,"href":"https:\/\/yoncagazetesi.com\/index.php\/wp-json\/wp\/v2\/posts\/654\/revisions\/655"}],"wp:featuredmedia":[{"embeddable":true,"href":"https:\/\/yoncagazetesi.com\/index.php\/wp-json\/wp\/v2\/media\/623"}],"wp:attachment":[{"href":"https:\/\/yoncagazetesi.com\/index.php\/wp-json\/wp\/v2\/media?parent=654"}],"wp:term":[{"taxonomy":"category","embeddable":true,"href":"https:\/\/yoncagazetesi.com\/index.php\/wp-json\/wp\/v2\/categories?post=654"},{"taxonomy":"post_tag","embeddable":true,"href":"https:\/\/yoncagazetesi.com\/index.php\/wp-json\/wp\/v2\/tags?post=654"}],"curies":[{"name":"wp","href":"https:\/\/api.w.org\/{rel}","templated":true}]}}