{"id":651,"date":"2026-04-24T13:25:32","date_gmt":"2026-04-24T10:25:32","guid":{"rendered":"https:\/\/yoncagazetesi.com\/?p=651"},"modified":"2026-04-24T13:25:32","modified_gmt":"2026-04-24T10:25:32","slug":"buyuk-turan-devletleri-konseyi-tebrik-ve-takdir-mesaji","status":"publish","type":"post","link":"https:\/\/yoncagazetesi.com\/index.php\/2026\/04\/24\/buyuk-turan-devletleri-konseyi-tebrik-ve-takdir-mesaji\/","title":{"rendered":"B\u00dcY\u00dcK TURAN DEVLETLER\u0130 KONSEY\u0130: TEBR\u0130K VE TAKD\u0130R MESAJI"},"content":{"rendered":"<p>Azerbaycan\u2019\u0131n Dijital Se\u00e7im Ba\u015far\u0131s\u0131 ve Teknolojik D\u00f6n\u00fc\u015f\u00fcm\u00fc Hakk\u0131nda.<\/p>\n<p>\u200bCan Azerbaycan\u2019\u0131n &#8220;Dijital Devrim&#8221; vizyonuyla hayata ge\u00e7irdi\u011fi, halk\u0131n iradesini ekranlara ta\u015f\u0131yan yeni nesil demokratik kat\u0131l\u0131m sistemini B\u00fcy\u00fck Turan Devletleri Konseyi olarak b\u00fcy\u00fck bir gurur ve heyecanla takip etmekteyiz.<br \/>\n\u200b<\/p>\n<p>T\u00fcrk D\u00fcnyas\u0131na \u00d6rnek Bir Ad\u0131m<br \/>\n\u200bAzerbaycan\u2019\u0131n ger\u00e7ekle\u015ftirdi\u011fi bu hamle, sadece bir teknolojik yenilik de\u011fil, ayn\u0131 zamanda T\u00fcrk d\u00fcnyas\u0131n\u0131n modern \u00e7a\u011fa entegrasyonu ve \u015feffaf y\u00f6netim anlay\u0131\u015f\u0131n\u0131n en somut g\u00f6stergesidir. Sand\u0131\u011f\u0131n dijital platformlara ta\u015f\u0131nmas\u0131; h\u0131z, g\u00fcvenilirlik ve kat\u0131l\u0131mc\u0131l\u0131k a\u00e7\u0131s\u0131ndan Turan co\u011frafyas\u0131nda yeni bir standart belirlemi\u015ftir.<\/p>\n<p>\u200b<strong>Stratejik Vizyonun Sonucu<\/strong><\/p>\n<p>\u200bBu ba\u015far\u0131da eme\u011fi ge\u00e7en t\u00fcm yetkilileri, teknoloji mimarlar\u0131n\u0131 ve bu de\u011fi\u015fimi sahiplenen Azerbaycan halk\u0131n\u0131 g\u00f6n\u00fclden tebrik ederiz. Dijitalle\u015fen her bir s\u00fcre\u00e7;<br \/>\n\u200bMilli \u0130radenin G\u00fc\u00e7lenmesine,<br \/>\n\u200bB\u00fcrokrasinin Azalmas\u0131na,<br \/>\n\u200bGelece\u011fin &#8220;Ak\u0131ll\u0131 Devlet&#8221; Modellerine zemin haz\u0131rlamaktad\u0131r.<br \/>\n\u200b<br \/>\nKarde\u015f Azerbaycan\u2019\u0131n bu \u00f6nc\u00fc ad\u0131m\u0131, B\u00fcy\u00fck Turan birli\u011finin teknolojik temellerinin ne kadar sa\u011flam at\u0131ld\u0131\u011f\u0131n\u0131n ispat\u0131d\u0131r. Bu ba\u015far\u0131n\u0131n t\u00fcm \u00fcye devletlerimize ilham olmas\u0131n\u0131 temenni ediyor, dijital \u00e7a\u011f\u0131n getirdi\u011fi bu zaferi en kalbi duygular\u0131m\u0131zla selaml\u0131yoruz.<br \/>\n\u200b&#8221;Dilde, Fikirde, \u0130\u015fle ve Teknolojide Birlik!&#8221;<\/p>\n<p>B\u00dcY\u00dcK TURAN DEVLETLER\u0130 KONSEY\u0130<br \/>\nGENEL MERKEZ\u0130<br \/>\nKAD\u0130R G\u00dcVEN<\/p>\n","protected":false},"excerpt":{"rendered":"<p>Azerbaycan\u2019\u0131n Dijital Se\u00e7im Ba\u015far\u0131s\u0131 ve Teknolojik D\u00f6n\u00fc\u015f\u00fcm\u00fc Hakk\u0131nda. \u200bCan Azerbaycan\u2019\u0131n &#8220;Dijital Devrim&#8221; vizyonuyla hayata ge\u00e7irdi\u011fi, halk\u0131n iradesini ekranlara ta\u015f\u0131yan yeni nesil demokratik kat\u0131l\u0131m sistemini B\u00fcy\u00fck Turan Devletleri Konseyi olarak b\u00fcy\u00fck bir gurur ve heyecanla takip etmekteyiz. \u200b T\u00fcrk D\u00fcnyas\u0131na \u00d6rnek Bir Ad\u0131m \u200bAzerbaycan\u2019\u0131n ger\u00e7ekle\u015ftirdi\u011fi bu hamle, sadece bir teknolojik yenilik de\u011fil, ayn\u0131 zamanda T\u00fcrk d\u00fcnyas\u0131n\u0131n [&hellip;]<\/p>\n","protected":false},"author":1,"featured_media":652,"comment_status":"open","ping_status":"open","sticky":false,"template":"","format":"standard","meta":{"footnotes":""},"categories":[2,1,6,8,9],"tags":[260,265,268,251,269,200],"class_list":["post-651","post","type-post","status-publish","format-standard","has-post-thumbnail","hentry","category-dunya","category-genel","category-gundem","category-manset","category-politika","tag-abamedia","tag-azerbaycan","tag-millimukavemet","tag-siyaset","tag-turkmilliyetcileri","tag-yoncagazetesi"],"_links":{"self":[{"href":"https:\/\/yoncagazetesi.com\/index.php\/wp-json\/wp\/v2\/posts\/651","targetHints":{"allow":["GET"]}}],"collection":[{"href":"https:\/\/yoncagazetesi.com\/index.php\/wp-json\/wp\/v2\/posts"}],"about":[{"href":"https:\/\/yoncagazetesi.com\/index.php\/wp-json\/wp\/v2\/types\/post"}],"author":[{"embeddable":true,"href":"https:\/\/yoncagazetesi.com\/index.php\/wp-json\/wp\/v2\/users\/1"}],"replies":[{"embeddable":true,"href":"https:\/\/yoncagazetesi.com\/index.php\/wp-json\/wp\/v2\/comments?post=651"}],"version-history":[{"count":1,"href":"https:\/\/yoncagazetesi.com\/index.php\/wp-json\/wp\/v2\/posts\/651\/revisions"}],"predecessor-version":[{"id":653,"href":"https:\/\/yoncagazetesi.com\/index.php\/wp-json\/wp\/v2\/posts\/651\/revisions\/653"}],"wp:featuredmedia":[{"embeddable":true,"href":"https:\/\/yoncagazetesi.com\/index.php\/wp-json\/wp\/v2\/media\/652"}],"wp:attachment":[{"href":"https:\/\/yoncagazetesi.com\/index.php\/wp-json\/wp\/v2\/media?parent=651"}],"wp:term":[{"taxonomy":"category","embeddable":true,"href":"https:\/\/yoncagazetesi.com\/index.php\/wp-json\/wp\/v2\/categories?post=651"},{"taxonomy":"post_tag","embeddable":true,"href":"https:\/\/yoncagazetesi.com\/index.php\/wp-json\/wp\/v2\/tags?post=651"}],"curies":[{"name":"wp","href":"https:\/\/api.w.org\/{rel}","templated":true}]}}