{"id":647,"date":"2026-04-24T02:49:08","date_gmt":"2026-04-23T23:49:08","guid":{"rendered":"https:\/\/yoncagazetesi.com\/?p=647"},"modified":"2026-04-24T02:49:08","modified_gmt":"2026-04-23T23:49:08","slug":"metin-cagridan-azxp-secimlerine-destek-milli-irade-yeni-bir-surecin-kapisini-araliyor","status":"publish","type":"post","link":"https:\/\/yoncagazetesi.com\/index.php\/2026\/04\/24\/metin-cagridan-azxp-secimlerine-destek-milli-irade-yeni-bir-surecin-kapisini-araliyor\/","title":{"rendered":"Metin \u00c7a\u011fr\u0131\u2019dan AZXP Se\u00e7imlerine Destek: \u201cMilli \u0130rade Yeni Bir S\u00fcrecin Kap\u0131s\u0131n\u0131 Aral\u0131yor\u201d"},"content":{"rendered":"<p>Milli Olu\u015fum Partisi Genel Ba\u015fkan\u0131 Metin \u00c7a\u011fr\u0131, Azerbaycan\u2019da ger\u00e7ekle\u015ftirilen AZXP Azerbaycan Halk Parlamentosu se\u00e7imlerine ili\u015fkin bir destek mesaj\u0131 yay\u0131mlad\u0131. \u00c7a\u011fr\u0131, se\u00e7imlerin halk\u0131n do\u011frudan iradesini yans\u0131tan g\u00fc\u00e7l\u00fc bir demokratik ad\u0131m oldu\u011funu belirterek, bu s\u00fcrecin b\u00f6lgesel anlamda da \u00f6nemli sonu\u00e7lar do\u011furaca\u011f\u0131n\u0131 ifade etti.<\/p>\n<p>Yapt\u0131\u011f\u0131 a\u00e7\u0131klamada milli irade, kat\u0131l\u0131mc\u0131 y\u00f6netim ve toplumsal bilin\u00e7 vurgusu yapan \u00c7a\u011fr\u0131, \u201cBu se\u00e7imler, sadece bir parlamento belirleme s\u00fcreci de\u011fil; ayn\u0131 zamanda halk\u0131n s\u00f6z sahibi oldu\u011fu yeni bir y\u00f6netim anlay\u0131\u015f\u0131n\u0131n in\u015fas\u0131d\u0131r\u201d dedi. Halk\u0131n kendi gelece\u011fini belirleme kararl\u0131l\u0131\u011f\u0131n\u0131n her t\u00fcrl\u00fc siyasi yap\u0131n\u0131n temelini olu\u015fturdu\u011funu vurgulad\u0131.<\/p>\n<p>\u00c7a\u011fr\u0131, AZXP se\u00e7imlerinin \u00f6zellikle T\u00fcrk d\u00fcnyas\u0131nda yeni bir siyasal vizyonun habercisi oldu\u011funu dile getirerek, \u201cMilletin do\u011frudan iradesine dayanan bu model, gelecekte daha geni\u015f co\u011frafyalarda kar\u015f\u0131l\u0131k bulabilecek bir \u00f6rnek te\u015fkil etmektedir\u201d ifadelerini kulland\u0131.<\/p>\n<p>Milli Olu\u015fum Partisi olarak halk egemenli\u011fini esas alan her t\u00fcrl\u00fc demokratik s\u00fcreci desteklediklerini belirten Metin \u00c7a\u011fr\u0131, AZXP b\u00fcnyesinde g\u00f6rev alacak temsilcilere ba\u015far\u0131lar dileyerek, al\u0131nacak kararlar\u0131n halk\u0131n refah\u0131, birli\u011fi ve istikrar\u0131 ad\u0131na hay\u0131rl\u0131 olmas\u0131n\u0131 temenni etti.<\/p>\n","protected":false},"excerpt":{"rendered":"<p>Milli Olu\u015fum Partisi Genel Ba\u015fkan\u0131 Metin \u00c7a\u011fr\u0131, Azerbaycan\u2019da ger\u00e7ekle\u015ftirilen AZXP Azerbaycan Halk Parlamentosu se\u00e7imlerine ili\u015fkin bir destek mesaj\u0131 yay\u0131mlad\u0131. \u00c7a\u011fr\u0131, se\u00e7imlerin halk\u0131n do\u011frudan iradesini yans\u0131tan g\u00fc\u00e7l\u00fc bir demokratik ad\u0131m oldu\u011funu belirterek, bu s\u00fcrecin b\u00f6lgesel anlamda da \u00f6nemli sonu\u00e7lar do\u011furaca\u011f\u0131n\u0131 ifade etti. Yapt\u0131\u011f\u0131 a\u00e7\u0131klamada milli irade, kat\u0131l\u0131mc\u0131 y\u00f6netim ve toplumsal bilin\u00e7 vurgusu yapan \u00c7a\u011fr\u0131, \u201cBu se\u00e7imler, [&hellip;]<\/p>\n","protected":false},"author":1,"featured_media":649,"comment_status":"open","ping_status":"open","sticky":false,"template":"","format":"standard","meta":{"footnotes":""},"categories":[2,1,6,8,9],"tags":[260,265,261,272,268,251,167,269],"class_list":["post-647","post","type-post","status-publish","format-standard","has-post-thumbnail","hentry","category-dunya","category-genel","category-gundem","category-manset","category-politika","tag-abamedia","tag-azerbaycan","tag-azerbeycanhalkparlementosu","tag-azxp","tag-millimukavemet","tag-siyaset","tag-turkiye","tag-turkmilliyetcileri"],"_links":{"self":[{"href":"https:\/\/yoncagazetesi.com\/index.php\/wp-json\/wp\/v2\/posts\/647","targetHints":{"allow":["GET"]}}],"collection":[{"href":"https:\/\/yoncagazetesi.com\/index.php\/wp-json\/wp\/v2\/posts"}],"about":[{"href":"https:\/\/yoncagazetesi.com\/index.php\/wp-json\/wp\/v2\/types\/post"}],"author":[{"embeddable":true,"href":"https:\/\/yoncagazetesi.com\/index.php\/wp-json\/wp\/v2\/users\/1"}],"replies":[{"embeddable":true,"href":"https:\/\/yoncagazetesi.com\/index.php\/wp-json\/wp\/v2\/comments?post=647"}],"version-history":[{"count":1,"href":"https:\/\/yoncagazetesi.com\/index.php\/wp-json\/wp\/v2\/posts\/647\/revisions"}],"predecessor-version":[{"id":650,"href":"https:\/\/yoncagazetesi.com\/index.php\/wp-json\/wp\/v2\/posts\/647\/revisions\/650"}],"wp:featuredmedia":[{"embeddable":true,"href":"https:\/\/yoncagazetesi.com\/index.php\/wp-json\/wp\/v2\/media\/649"}],"wp:attachment":[{"href":"https:\/\/yoncagazetesi.com\/index.php\/wp-json\/wp\/v2\/media?parent=647"}],"wp:term":[{"taxonomy":"category","embeddable":true,"href":"https:\/\/yoncagazetesi.com\/index.php\/wp-json\/wp\/v2\/categories?post=647"},{"taxonomy":"post_tag","embeddable":true,"href":"https:\/\/yoncagazetesi.com\/index.php\/wp-json\/wp\/v2\/tags?post=647"}],"curies":[{"name":"wp","href":"https:\/\/api.w.org\/{rel}","templated":true}]}}