{"id":465,"date":"2025-07-28T00:47:48","date_gmt":"2025-07-27T21:47:48","guid":{"rendered":"https:\/\/yoncagazetesi.com\/?p=465"},"modified":"2025-07-28T00:47:48","modified_gmt":"2025-07-27T21:47:48","slug":"ulumedden-yeni-donem","status":"publish","type":"post","link":"https:\/\/yoncagazetesi.com\/index.php\/2025\/07\/28\/ulumedden-yeni-donem\/","title":{"rendered":"ULUMED\u2019DEN YEN\u0130 D\u00d6NEM"},"content":{"rendered":"\r\n<p style=\"text-align: left; padding-left: 40px;\">ULUMED\u2019DEN STRATEJ\u0130: E\u011e\u0130T\u0130M, REHAB\u0130L\u0130TASYON VE AKADEM\u0130 \u0130\u015e B\u0130RL\u0130\u011e\u0130YLE YEN\u0130 D\u00d6NEM<\/p>\r\n<p><strong>ULUMED<\/strong> (Uluslararas\u0131 Uyu\u015fturucu ile M\u00fccadele E\u011fitim Derne\u011fi), ba\u011f\u0131ml\u0131l\u0131k tehdidine kar\u015f\u0131 yurt i\u00e7i ve yurt d\u0131\u015f\u0131nda y\u00fcr\u00fctt\u00fc\u011f\u00fc kapsaml\u0131 projeler ve akademik destekli stratejilerle dikkatleri \u00fczerine \u00e7ekiyor. \u00d6zellikle gen\u00e7 neslin korunmas\u0131, toplumlar\u0131n bilin\u00e7lendirilmesi ve bilim temelli \u00e7\u00f6z\u00fcm \u00fcretimi noktas\u0131nda \u00f6nc\u00fc bir kurum olan <strong>ULUMED<\/strong>, faaliyetlerine h\u0131z kesmeden devam ediyor.<\/p>\r\n<p><strong>Prof. Dr. Murat KAN<\/strong>: \u201cM\u00fccadelemiz bilimle, disiplinle ve insan sevgisiyle b\u00fcy\u00fcyor\u201d<br \/><strong>ULUMED<\/strong> Y\u00fcksek \u0130sti\u015fare ve Disiplin Kurulu Ba\u015fkan\u0131 <strong>Prof. Dr. Murat KAN<\/strong>, uyu\u015fturucuyla m\u00fccadelenin yaln\u0131zca polisiye tedbirlerle de\u011fil; akademik zemin, sosyal fark\u0131ndal\u0131k, toplumsal dayan\u0131\u015fma ve insani yakla\u015f\u0131m temelinde s\u00fcrd\u00fcr\u00fclmesi gerekti\u011fini belirtti.<\/p>\r\n<p><strong>Prof. Dr. Murat KAN<\/strong>:<br \/><strong><em>\u201cUyu\u015fturucu, \u00e7a\u011f\u0131m\u0131z\u0131n en sinsi tehditlerinden biridir. Toplumumuzun en k\u0131ymetli varl\u0131\u011f\u0131 olan gen\u00e7lerimizi hedef alan bu tehlikeye kar\u015f\u0131 sadece tepki de\u011fil, bilin\u00e7li, planl\u0131 ve akademik destekli \u00e7\u00f6z\u00fcm stratejileri \u00fcretmek zorunday\u0131z. ULUMED olarak hem saha \u00e7al\u0131\u015fmalar\u0131m\u0131z hem de akademik i\u015f birliklerimizle bu kararl\u0131 m\u00fccadelenin merkezindeyiz. \u00dcniversitelerle ortak y\u00fcr\u00fctt\u00fc\u011f\u00fcm\u00fcz projeler, gen\u00e7lere ula\u015fan e\u011fitim seminerleri, aile destek programlar\u0131 ve sosyal projelerle g\u00fc\u00e7l\u00fc bir yap\u0131 kurduk.\u201d<\/em><\/strong><\/p>\r\n<p>Akademik Kadro ve Bilimsel Dayanak G\u00fc\u00e7 Kazand\u0131r\u0131yor<br \/><strong>ULUMED<\/strong>\u2019in y\u00fcr\u00fctt\u00fc\u011f\u00fc projelerin arka plan\u0131nda, \u00e7e\u015fitli \u00fcniversitelerden alan\u0131nda uzman akademisyenlerden olu\u015fan g\u00fc\u00e7l\u00fc bir bilim kurulu yer almakta. Ba\u011f\u0131ml\u0131l\u0131k psikolojisi, sosyal hizmetler, adli bilimler ve rehabilitasyon alanlar\u0131ndaki akademik dan\u0131\u015fmanlar sayesinde projeler bilimsel temellere dayand\u0131r\u0131lmakta ve somut verilerle desteklenmektedir.<\/p>\r\n<p><strong>Prof. Dr. Murat KAN<\/strong>, bu akademik yap\u0131lanman\u0131n \u00f6nemine \u015fu s\u00f6zlerle dikkat \u00e7ekti:<br \/><em><strong>\u201cHer \u00e7al\u0131\u015fmam\u0131z, bilimsel y\u00f6ntemlerle \u015fekilleniyor. T\u00fcrkiye&#8217;nin ve d\u00fcnyan\u0131n \u00e7e\u015fitli \u00fcniversitelerinden k\u0131ymetli akademisyenleri ULUMED \u00e7at\u0131s\u0131 alt\u0131nda bir araya getiriyoruz. Akademik kadromuz, hem projelerin tasar\u0131m\u0131nda hem de uygulama a\u015famalar\u0131nda sahaya do\u011frudan katk\u0131 sunmaktad\u0131r.\u201d<\/strong><\/em><\/p>\r\n<p><strong>Zeynel K\u00fc\u00e7\u00fckkaya<\/strong>: \u201cK\u00fcresel m\u00fccadelede T\u00fcrkiye\u2019nin sesi g\u00fc\u00e7leniyor\u201d<br \/><strong>ULUMED Genel Ba\u015fkan\u0131 Zeynel K\u00fc\u00e7\u00fckkaya<\/strong> ise \u00f6zellikle uluslararas\u0131 i\u015f birlikleri konusunda \u00f6nemli mesajlar verdi:<\/p>\r\n<p><strong>Zeynel K\u00fc\u00e7\u00fckkaya<\/strong>:<br \/><em><strong>\u201cK\u00fcresel \u00f6l\u00e7ekte uyu\u015fturucu ticareti ve kullan\u0131m\u0131 artarken, T\u00fcrkiye bu alanda \u00f6rnek al\u0131nacak sosyal projeler ve i\u015f birlikleriyle \u00f6ne \u00e7\u0131k\u0131yor. ULUMED olarak hem Avrupa hem Orta Do\u011fu\u2019da \u00e7e\u015fitli sivil toplum kurulu\u015flar\u0131 ve devlet kurumlar\u0131yla ortakl\u0131klar geli\u015ftiriyoruz. Balkanlar\u2019da kurmay\u0131 planlad\u0131\u011f\u0131m\u0131z \u2018B\u00f6lgesel Uyu\u015fturucuyla M\u00fccadele E\u011fitim A\u011f\u0131\u2019 bu vizyonun bir \u00fcr\u00fcn\u00fcd\u00fcr. Say\u0131n Prof. Dr. Murat KAN\u2019\u0131n akademik liderli\u011fiyle bu m\u00fccadeleyi yaln\u0131zca ulusal de\u011fil, uluslararas\u0131 bir misyona ta\u015f\u0131yoruz.\u201d<\/strong><\/em><\/p>\r\n<p>Yurt D\u0131\u015f\u0131 Projeleri ve Yeni A\u00e7\u0131l\u0131mlar<br \/><strong>ULUMED<\/strong>, \u00f6zellikle Almanya, Azerbaycan ve Kuzey Makedonya\u2019daki gen\u00e7lik kurulu\u015flar\u0131yla ortak projeler geli\u015ftiriyor. Bu projeler kapsam\u0131nda:<\/p>\r\n<p>*Ba\u011f\u0131ml\u0131l\u0131k fark\u0131ndal\u0131\u011f\u0131 e\u011fitimi,<\/p>\r\n<p>*Gen\u00e7lere y\u00f6nelik spor ve sanat terapileri,<\/p>\r\n<p>*Uluslararas\u0131 sempozyumlar ve akademik \u00e7al\u0131\u015ftaylar d\u00fczenleniyor.<\/p>\r\n<p><strong>Prof. Dr. Murat KAN<\/strong>, yurt d\u0131\u015f\u0131 \u00e7al\u0131\u015fmalarda da bire bir rol almakta ve T\u00fcrkiye&#8217;nin bilgi birikimini di\u011fer \u00fclkelerle payla\u015fmaktad\u0131r.<\/p>\r\n<p><strong>Yeni D\u00f6nemde Hedefler Neler?<\/strong><br \/>ULUMED\u2019in \u00f6n\u00fcm\u00fczdeki s\u00fcre\u00e7te hayata ge\u00e7irmeyi planlad\u0131\u011f\u0131 ba\u015fl\u0131ca projeler \u015fu \u015fekilde:<\/p>\r\n<p>*\u00dcniversitelerle ortak \u201cGen\u00e7 Akademi \u2013 Ba\u011f\u0131ml\u0131l\u0131kla M\u00fccadele Ara\u015ft\u0131rma Merkezleri\u201d kurulmas\u0131,<\/p>\r\n<p>*Uyu\u015fturucu ile M\u00fccadele Uzmanl\u0131\u011f\u0131 Sertifika Programlar\u0131,<\/p>\r\n<p>*Lise d\u00fczeyinde bilin\u00e7lendirme ve ment\u00f6rl\u00fck sistemleri,<\/p>\r\n<p>*Sosyal medya \u00fczerinden dijital fark\u0131ndal\u0131k kampanyalar\u0131.<\/p>\r\n<p><strong>Prof. Dr. Murat KAN<\/strong>, bu projelerde \u00f6zellikle gen\u00e7lerin aktif rol almas\u0131n\u0131n, m\u00fccadeleye yeni bir soluk kazand\u0131raca\u011f\u0131n\u0131 vurgulad\u0131.<\/p>\r\n<p>Son S\u00f6z: Toplumsal Dayan\u0131\u015fma ve Bilin\u00e7le M\u00fcmk\u00fcn<br \/>Uyu\u015fturucuyla m\u00fccadelede bilimsel bilgi, kurumsal g\u00fc\u00e7 ve toplumsal destek bir araya geldi\u011finde kal\u0131c\u0131 sonu\u00e7lar elde edilebilece\u011fini belirten <strong>Prof. Dr. Murat KAN<\/strong>, \u015fu s\u00f6zlerle kamuoyuna \u00e7a\u011fr\u0131da bulundu:<\/p>\r\n<p><em><strong>\u201cBu m\u00fccadele, sadece bir kurumun de\u011fil, milletin tamam\u0131n\u0131n sorumlulu\u011fudur. Her bireyin, her ailenin, her \u00f6\u011fretmenin bu s\u00fcrece katk\u0131 sunmas\u0131 gereklidir. ULUMED olarak biz, bu sorumlulu\u011fu ta\u015f\u0131maya devam edece\u011fiz.\u201d<\/strong><\/em><\/p>\r\n","protected":false},"excerpt":{"rendered":"<p>ULUMED\u2019DEN STRATEJ\u0130: E\u011e\u0130T\u0130M, REHAB\u0130L\u0130TASYON VE AKADEM\u0130 \u0130\u015e B\u0130RL\u0130\u011e\u0130YLE YEN\u0130 D\u00d6NEM ULUMED (Uluslararas\u0131 Uyu\u015fturucu ile M\u00fccadele E\u011fitim Derne\u011fi), ba\u011f\u0131ml\u0131l\u0131k tehdidine kar\u015f\u0131 yurt i\u00e7i ve yurt d\u0131\u015f\u0131nda y\u00fcr\u00fctt\u00fc\u011f\u00fc kapsaml\u0131 projeler ve akademik destekli stratejilerle dikkatleri \u00fczerine \u00e7ekiyor. \u00d6zellikle gen\u00e7 neslin korunmas\u0131, toplumlar\u0131n bilin\u00e7lendirilmesi ve bilim temelli \u00e7\u00f6z\u00fcm \u00fcretimi noktas\u0131nda \u00f6nc\u00fc bir kurum olan ULUMED, faaliyetlerine h\u0131z kesmeden [&hellip;]<\/p>\n","protected":false},"author":1,"featured_media":472,"comment_status":"open","ping_status":"open","sticky":false,"template":"","format":"standard","meta":{"footnotes":""},"categories":[2,1,6,8,10],"tags":[208,209,249,246,235,247,248],"class_list":["post-465","post","type-post","status-publish","format-standard","has-post-thumbnail","hentry","category-dunya","category-genel","category-gundem","category-manset","category-saglik","tag-akademi","tag-akademisyen","tag-profdrmuratkan","tag-ulumed","tag-universite","tag-uyusturucuilemucadele","tag-zeynelkucukkaya"],"_links":{"self":[{"href":"https:\/\/yoncagazetesi.com\/index.php\/wp-json\/wp\/v2\/posts\/465","targetHints":{"allow":["GET"]}}],"collection":[{"href":"https:\/\/yoncagazetesi.com\/index.php\/wp-json\/wp\/v2\/posts"}],"about":[{"href":"https:\/\/yoncagazetesi.com\/index.php\/wp-json\/wp\/v2\/types\/post"}],"author":[{"embeddable":true,"href":"https:\/\/yoncagazetesi.com\/index.php\/wp-json\/wp\/v2\/users\/1"}],"replies":[{"embeddable":true,"href":"https:\/\/yoncagazetesi.com\/index.php\/wp-json\/wp\/v2\/comments?post=465"}],"version-history":[{"count":2,"href":"https:\/\/yoncagazetesi.com\/index.php\/wp-json\/wp\/v2\/posts\/465\/revisions"}],"predecessor-version":[{"id":473,"href":"https:\/\/yoncagazetesi.com\/index.php\/wp-json\/wp\/v2\/posts\/465\/revisions\/473"}],"wp:featuredmedia":[{"embeddable":true,"href":"https:\/\/yoncagazetesi.com\/index.php\/wp-json\/wp\/v2\/media\/472"}],"wp:attachment":[{"href":"https:\/\/yoncagazetesi.com\/index.php\/wp-json\/wp\/v2\/media?parent=465"}],"wp:term":[{"taxonomy":"category","embeddable":true,"href":"https:\/\/yoncagazetesi.com\/index.php\/wp-json\/wp\/v2\/categories?post=465"},{"taxonomy":"post_tag","embeddable":true,"href":"https:\/\/yoncagazetesi.com\/index.php\/wp-json\/wp\/v2\/tags?post=465"}],"curies":[{"name":"wp","href":"https:\/\/api.w.org\/{rel}","templated":true}]}}