{"id":463,"date":"2025-07-25T02:11:07","date_gmt":"2025-07-24T23:11:07","guid":{"rendered":"https:\/\/yoncagazetesi.com\/?p=463"},"modified":"2025-07-25T09:43:38","modified_gmt":"2025-07-25T06:43:38","slug":"prof-dr-murat-kandan-genclige-guclu-mesaj","status":"publish","type":"post","link":"https:\/\/yoncagazetesi.com\/index.php\/2025\/07\/25\/prof-dr-murat-kandan-genclige-guclu-mesaj\/","title":{"rendered":"Prof. Dr. Murat KAN\u2019dan Gen\u00e7li\u011fe G\u00fc\u00e7l\u00fc Mesaj:"},"content":{"rendered":"\r\n<p style=\"padding-left: 120px;\"><em><strong>\u201cGelece\u011finiz i\u00e7in ge\u00e7 kalmay\u0131n, sizi G\u00f6yce Zengezur \u00dcniversitesi&#8217;ne bekliyoruz!\u201d<\/strong><\/em><\/p>\r\n<p><strong>Rekt\u00f6r Prof. Dr. Murat KAN<\/strong>, yeni \u00f6\u011fretim y\u0131l\u0131 \u00f6ncesi gen\u00e7lere seslendi:<\/p>\r\n<p><strong><em>\u201cGelece\u011fi in\u015fa edecek olan sizlersiniz. Biz, o gelece\u011fi sa\u011flam temellere oturtman\u0131z i\u00e7in var\u0131z. Korkmay\u0131n, ertelemeyin, kendinize inan\u0131n ve yola \u00e7\u0131k\u0131n. G\u00f6yce Zengezur \u00dcniversitesi olarak sizi bekliyoruz.\u201d<\/em><\/strong><\/p>\r\n<p>Yeni \u00f6\u011fretim y\u0131l\u0131na b\u00fcy\u00fck bir akademik haz\u0131rl\u0131kla giren <strong>G\u00f6yce Zengezur \u00dcniversitesi,<\/strong> gen\u00e7leri yaln\u0131zca \u00fcniversiteli yapmak de\u011fil, lider bireyler olarak yeti\u015ftirmek i\u00e7in \u00e7a\u011fr\u0131s\u0131n\u0131 g\u00fc\u00e7l\u00fc bir \u015fekilde duyuruyor. <strong>Rekt\u00f6r Prof. Dr. Murat KAN<\/strong>, gen\u00e7lere hitaben yapt\u0131\u011f\u0131 a\u00e7\u0131klamada, \u00e7a\u011f\u0131n ruhunu yakalayan ve bireyin potansiyelini merkeze alan bir e\u011fitim anlay\u0131\u015f\u0131 sunduklar\u0131n\u0131 vurgulad\u0131.<\/p>\r\n<p><strong><em>\u201cBug\u00fcn \u00fcniversite se\u00e7mek, sadece bir b\u00f6l\u00fcm tercihi de\u011fildir. Bir ya\u015fam y\u00f6n\u00fc se\u00e7iyorsunuz. Biz, \u00f6\u011frencilerimizi sadece bilgiyle de\u011fil; karakterle, sorumlulukla, \u00f6zg\u00fcvenle donat\u0131yoruz.\u201d<\/em><\/strong><\/p>\r\n<p>\ud83c\udf93 \u201cBu \u00dcniversite Sizinle Tamamlanacak\u201d<br \/><strong>Prof. Dr. KAN,<\/strong> \u00fcniversitenin temel hedefini \u015fu s\u00f6zlerle ifade etti:<\/p>\r\n<p><strong><em>\u201cBiz burada bir \u00fcniversite de\u011fil, bir gelecek in\u015fa ediyoruz. Her gelen \u00f6\u011frencimiz bu yap\u0131n\u0131n bir ta\u015f\u0131, bir dire\u011fi oluyor. Her biriniz bizim i\u00e7in de\u011ferlisiniz. Yurt i\u00e7inden ve d\u00fcnyan\u0131n d\u00f6rt bir yan\u0131ndan gelen gen\u00e7lerle kurdu\u011fumuz dijital ve k\u00fclt\u00fcrel k\u00f6pr\u00fcye siz de dahil olun.\u201d<\/em><\/strong><\/p>\r\n<p>\ud83c\udfdb\ufe0f Her Alanda G\u00fc\u00e7l\u00fc Bir Akademik Yap\u0131<br \/><strong>Rekt\u00f6r KAN<\/strong>, \u00fcniversitenin sundu\u011fu olanaklara da dikkat \u00e7ekti:<\/p>\r\n<p><strong><em>\u201c\u0130ster psikolojiyle insan\u0131 anlamak, ister kamu y\u00f6netimiyle toplumu d\u00f6n\u00fc\u015ft\u00fcrmek, ister yaz\u0131l\u0131m m\u00fchendisli\u011fiyle gelece\u011fi kodlamak isteyin\u2026 Her b\u00f6l\u00fcm\u00fcm\u00fczde \u00e7a\u011f\u0131n gereksinimlerine uygun, yenilik\u00e7i ve uygulamal\u0131 bir e\u011fitim sizleri bekliyor.\u201d<\/em><\/strong><\/p>\r\n<p>\ud83d\udcda A\u00e7\u0131lan ve \u00d6ne \u00c7\u0131kan B\u00f6l\u00fcmler:<br \/>*Psikoloji<\/p>\r\n<p>*Uluslararas\u0131 \u0130li\u015fkiler<\/p>\r\n<p>*Kamu Y\u00f6netimi<\/p>\r\n<p>*\u0130\u015fletme<\/p>\r\n<p>*Bilgisayar ve Yaz\u0131l\u0131m M\u00fchendisli\u011fi<\/p>\r\n<p>*\u0130slami \u0130limler<\/p>\r\n<p>*Medya ve \u0130leti\u015fim<\/p>\r\n<p>*E\u011fitim Bilimleri<\/p>\r\n<p>*Rehberlik ve Psikolojik Dan\u0131\u015fmanl\u0131k<\/p>\r\n<p>\u201cGen\u00e7ler, \u00dcniversitemiz Sizinle Anlam Kazan\u0131r\u201d<br \/><strong><em>\u201cY\u00fczlerce \u00f6\u011frenciyle dijital ortamda s\u0131n\u0131rlar\u0131 kald\u0131rd\u0131k. Uluslararas\u0131 dilde e\u011fitim, online platformlar, akademik mentorluk sistemleri ile sadece bug\u00fcn\u00fc de\u011fil, yar\u0131n\u0131 da planl\u0131yoruz. Bu y\u00fcr\u00fcy\u00fc\u015fte yan\u0131m\u0131zda siz de olun.\u201d<\/em><\/strong><\/p>\r\n<p>Uluslararas\u0131 E\u011fitim, K\u00fcresel Gelecek<br \/><em><strong>\u201c\u00dcniversitemiz yaln\u0131zca bir kurum de\u011fil, ayn\u0131 zamanda bir fikir ve ufuk merkezidir. Her \u00f6\u011frencimizi bir d\u00fcnya insan\u0131 olarak yeti\u015ftirme hedefimiz var. Bilgiyle, de\u011ferle, sorumlulukla\u2026\u201d<\/strong><\/em><\/p>\r\n<p>\u201cVakit Kay\u0131plar\u0131n\u0131 Geride B\u0131rak\u0131n, Yeni Bir Ba\u015flang\u0131\u00e7 \u0130\u00e7in \u0130lk Ad\u0131m\u0131 At\u0131n!\u201d<br \/>Son olarak <strong>Prof. Dr. Murat KAN<\/strong> gen\u00e7lere \u015fu net ve i\u00e7ten mesaj\u0131 verdi:<\/p>\r\n<p style=\"padding-left: 40px;\"><strong><em>\u201cBug\u00fcn bir karar verin: Ya s\u0131radan bir yolu se\u00e7eceksiniz ya da kendi yolunuzu \u00e7izeceksiniz. Biz o yolu birlikte y\u00fcr\u00fcmeye haz\u0131r\u0131z. G\u00f6yce Zengezur \u00dcniversitesi, sizinle anlam kazan\u0131r.\u201d<\/em><\/strong><\/p>\r\n","protected":false},"excerpt":{"rendered":"<p>\u201cGelece\u011finiz i\u00e7in ge\u00e7 kalmay\u0131n, sizi G\u00f6yce Zengezur \u00dcniversitesi&#8217;ne bekliyoruz!\u201d Rekt\u00f6r Prof. Dr. Murat KAN, yeni \u00f6\u011fretim y\u0131l\u0131 \u00f6ncesi gen\u00e7lere seslendi: \u201cGelece\u011fi in\u015fa edecek olan sizlersiniz. Biz, o gelece\u011fi sa\u011flam temellere oturtman\u0131z i\u00e7in var\u0131z. Korkmay\u0131n, ertelemeyin, kendinize inan\u0131n ve yola \u00e7\u0131k\u0131n. G\u00f6yce Zengezur \u00dcniversitesi olarak sizi bekliyoruz.\u201d Yeni \u00f6\u011fretim y\u0131l\u0131na b\u00fcy\u00fck bir akademik haz\u0131rl\u0131kla giren G\u00f6yce [&hellip;]<\/p>\n","protected":false},"author":1,"featured_media":466,"comment_status":"open","ping_status":"open","sticky":false,"template":"","format":"standard","meta":{"footnotes":""},"categories":[3,1,6,8],"tags":[208,209,234,204,235,200],"class_list":["post-463","post","type-post","status-publish","format-standard","has-post-thumbnail","hentry","category-egitim","category-genel","category-gundem","category-manset","tag-akademi","tag-akademisyen","tag-goyce-zengezur","tag-psikoloji","tag-universite","tag-yoncagazetesi"],"_links":{"self":[{"href":"https:\/\/yoncagazetesi.com\/index.php\/wp-json\/wp\/v2\/posts\/463","targetHints":{"allow":["GET"]}}],"collection":[{"href":"https:\/\/yoncagazetesi.com\/index.php\/wp-json\/wp\/v2\/posts"}],"about":[{"href":"https:\/\/yoncagazetesi.com\/index.php\/wp-json\/wp\/v2\/types\/post"}],"author":[{"embeddable":true,"href":"https:\/\/yoncagazetesi.com\/index.php\/wp-json\/wp\/v2\/users\/1"}],"replies":[{"embeddable":true,"href":"https:\/\/yoncagazetesi.com\/index.php\/wp-json\/wp\/v2\/comments?post=463"}],"version-history":[{"count":4,"href":"https:\/\/yoncagazetesi.com\/index.php\/wp-json\/wp\/v2\/posts\/463\/revisions"}],"predecessor-version":[{"id":469,"href":"https:\/\/yoncagazetesi.com\/index.php\/wp-json\/wp\/v2\/posts\/463\/revisions\/469"}],"wp:featuredmedia":[{"embeddable":true,"href":"https:\/\/yoncagazetesi.com\/index.php\/wp-json\/wp\/v2\/media\/466"}],"wp:attachment":[{"href":"https:\/\/yoncagazetesi.com\/index.php\/wp-json\/wp\/v2\/media?parent=463"}],"wp:term":[{"taxonomy":"category","embeddable":true,"href":"https:\/\/yoncagazetesi.com\/index.php\/wp-json\/wp\/v2\/categories?post=463"},{"taxonomy":"post_tag","embeddable":true,"href":"https:\/\/yoncagazetesi.com\/index.php\/wp-json\/wp\/v2\/tags?post=463"}],"curies":[{"name":"wp","href":"https:\/\/api.w.org\/{rel}","templated":true}]}}