{"id":456,"date":"2025-07-14T00:35:23","date_gmt":"2025-07-13T21:35:23","guid":{"rendered":"https:\/\/yoncagazetesi.com\/?p=456"},"modified":"2025-07-14T00:35:23","modified_gmt":"2025-07-13T21:35:23","slug":"prof-dr-murat-kan-uygur-turklerine-yonelik-zulme-sessiz-kalmak-insanlik-onuruna-ihanettir","status":"publish","type":"post","link":"https:\/\/yoncagazetesi.com\/index.php\/2025\/07\/14\/prof-dr-murat-kan-uygur-turklerine-yonelik-zulme-sessiz-kalmak-insanlik-onuruna-ihanettir\/","title":{"rendered":"PROF. DR. MURAT KAN: \u201cUYGUR T\u00dcRKLER\u0130NE Y\u00d6NEL\u0130K ZULME SESS\u0130Z KALMAK, \u0130NSANLIK ONURUNA \u0130HANETT\u0130R\u201d"},"content":{"rendered":"\r\n<p style=\"padding-left: 40px; text-align: left;\"><strong>G\u00f6yce Zengezur \u00dcniversitesi<\/strong> Rekt\u00f6r\u00fc <strong>Prof. Dr. Murat KAN<\/strong>, \u00c7in&#8217;in Sincan Uygur \u00d6zerk B\u00f6lgesi&#8217;nde ya\u015fayan Uygur T\u00fcrklerine kar\u015f\u0131 y\u0131llard\u0131r devam eden sistematik bask\u0131, asimilasyon ve insan haklar\u0131 ihlallerine kar\u015f\u0131 g\u00fc\u00e7l\u00fc bir \u00e7a\u011fr\u0131da bulundu. <strong>Prof. Dr. KAN<\/strong>, uluslararas\u0131 kamuoyunun bu zulme kar\u015f\u0131 sessizli\u011finin kabul edilemez oldu\u011funu belirtti.<\/p>\r\n<p><em><strong>\u201cK\u00fclt\u00fcrel Soyk\u0131r\u0131m Uygulan\u0131yor\u201d<\/strong><\/em><\/p>\r\n<p>&nbsp;<\/p>\r\n<p>Uygur T\u00fcrklerinin temel hak ve \u00f6zg\u00fcrl\u00fcklerinden yoksun b\u0131rak\u0131ld\u0131\u011f\u0131n\u0131 ifade eden <strong>Prof. Dr. Murat KAN<\/strong>, b\u00f6lgede uygulanan politikalar\u0131n a\u00e7\u0131k\u00e7a bir k\u00fclt\u00fcrel soyk\u0131r\u0131m anlam\u0131na geldi\u011fini s\u00f6yledi. \u201c\u0130badet \u00f6zg\u00fcrl\u00fc\u011f\u00fc engelleniyor, Uygur dili ve gelenekleri sistematik olarak yok edilmeye \u00e7al\u0131\u015f\u0131l\u0131yor. Aile yap\u0131lar\u0131 da\u011f\u0131t\u0131l\u0131yor, toplama kamplar\u0131nda milyonlarca insan zorla tutuluyor. Bu tablo, \u00e7a\u011fda\u015f d\u00fcnyan\u0131n g\u00f6rmezden gelemeyece\u011fi vahim bir insanl\u0131k su\u00e7udur\u201d dedi.<\/p>\r\n<p>&nbsp;<\/p>\r\n<p><em><strong>\u201cSiyasi Partiler Ortak Tav\u0131r Almal\u0131\u201d<\/strong><\/em><\/p>\r\n<p>T\u00fcrkiye\u2019deki t\u00fcm siyasi partilere \u00e7a\u011fr\u0131da bulunan <strong>Prof. Dr. KAN,<\/strong> \u201cBu mesele sadece etnik de\u011fil, ayn\u0131 zamanda insanl\u0131k meselesidir. <strong>TBMM<\/strong>\u2019deki b\u00fct\u00fcn siyasi partiler, ortak bir bildiriyle bu zulm\u00fc k\u0131namal\u0131 ve \u00c7in\u2019in uygulamalar\u0131n\u0131 uluslararas\u0131 kamuoyunun g\u00fcndemine ta\u015f\u0131mal\u0131d\u0131r\u201d ifadelerini kulland\u0131.<\/p>\r\n<p>&nbsp;<\/p>\r\n<p><em><strong>\u201cBa\u011f\u0131ms\u0131z Heyet B\u00f6lgeye G\u00f6nderilmeli\u201d<\/strong><\/em><\/p>\r\n<p>\u00c7in\u2019in Uygur b\u00f6lgesine ba\u011f\u0131ms\u0131z uluslararas\u0131 insan haklar\u0131 g\u00f6zlemcilerinin girmesine izin vermesi gerekti\u011fini vurgulayan KAN, <em>\u201cT\u00fcrkiye, bu konuda Birle\u015fmi\u015f Milletler ve \u0130slam \u0130\u015fbirli\u011fi Te\u015fkilat\u0131 nezdinde giri\u015fimde bulunarak \u00f6nc\u00fcl\u00fck etmeli, b\u00f6lgede g\u00f6zlem yapacak tarafs\u0131z heyetlerin g\u00f6nderilmesini sa\u011flamal\u0131d\u0131r\u201d<\/em> dedi.<\/p>\r\n<p>&nbsp;<\/p>\r\n<p><em><strong>\u201cG\u00f6revimiz Sadece Akademik De\u011fil, Vicdanidir\u201d<\/strong><\/em><\/p>\r\n<p>&nbsp;<\/p>\r\n<p><strong>Prof. Dr. Murat KAN<\/strong> a\u00e7\u0131klamas\u0131n\u0131 \u015f\u00f6yle sonland\u0131rd\u0131:<\/p>\r\n<p><em>\u201cAkademik camia olarak bizim g\u00f6revimiz yaln\u0131zca bilgi \u00fcretmek de\u011fildir; insanl\u0131k onurunu korumak ve mazlumlar\u0131n sesi olmak da sorumlulu\u011fumuzdur. Uygur T\u00fcrklerine yap\u0131lan zulme kar\u015f\u0131 sessiz kalmak, insanl\u0131\u011f\u0131n ortak vicdan\u0131n\u0131 yaralamakt\u0131r. Bu konuda her birey, her kurum ve her \u00fclke ahlaki sorumlulu\u011funu yerine getirmelidir.\u201d<\/em><\/p>\r\n","protected":false},"excerpt":{"rendered":"<p>G\u00f6yce Zengezur \u00dcniversitesi Rekt\u00f6r\u00fc Prof. Dr. Murat KAN, \u00c7in&#8217;in Sincan Uygur \u00d6zerk B\u00f6lgesi&#8217;nde ya\u015fayan Uygur T\u00fcrklerine kar\u015f\u0131 y\u0131llard\u0131r devam eden sistematik bask\u0131, asimilasyon ve insan haklar\u0131 ihlallerine kar\u015f\u0131 g\u00fc\u00e7l\u00fc bir \u00e7a\u011fr\u0131da bulundu. Prof. Dr. KAN, uluslararas\u0131 kamuoyunun bu zulme kar\u015f\u0131 sessizli\u011finin kabul edilemez oldu\u011funu belirtti. \u201cK\u00fclt\u00fcrel Soyk\u0131r\u0131m Uygulan\u0131yor\u201d &nbsp; Uygur T\u00fcrklerinin temel hak ve \u00f6zg\u00fcrl\u00fcklerinden [&hellip;]<\/p>\n","protected":false},"author":1,"featured_media":439,"comment_status":"open","ping_status":"open","sticky":false,"template":"","format":"standard","meta":{"footnotes":""},"categories":[1],"tags":[208,209,239,240,238,235,200],"class_list":["post-456","post","type-post","status-publish","format-standard","has-post-thumbnail","hentry","category-genel","tag-akademi","tag-akademisyen","tag-goycezengezur","tag-rektor","tag-tbmm","tag-universite","tag-yoncagazetesi"],"_links":{"self":[{"href":"https:\/\/yoncagazetesi.com\/index.php\/wp-json\/wp\/v2\/posts\/456","targetHints":{"allow":["GET"]}}],"collection":[{"href":"https:\/\/yoncagazetesi.com\/index.php\/wp-json\/wp\/v2\/posts"}],"about":[{"href":"https:\/\/yoncagazetesi.com\/index.php\/wp-json\/wp\/v2\/types\/post"}],"author":[{"embeddable":true,"href":"https:\/\/yoncagazetesi.com\/index.php\/wp-json\/wp\/v2\/users\/1"}],"replies":[{"embeddable":true,"href":"https:\/\/yoncagazetesi.com\/index.php\/wp-json\/wp\/v2\/comments?post=456"}],"version-history":[{"count":2,"href":"https:\/\/yoncagazetesi.com\/index.php\/wp-json\/wp\/v2\/posts\/456\/revisions"}],"predecessor-version":[{"id":459,"href":"https:\/\/yoncagazetesi.com\/index.php\/wp-json\/wp\/v2\/posts\/456\/revisions\/459"}],"wp:featuredmedia":[{"embeddable":true,"href":"https:\/\/yoncagazetesi.com\/index.php\/wp-json\/wp\/v2\/media\/439"}],"wp:attachment":[{"href":"https:\/\/yoncagazetesi.com\/index.php\/wp-json\/wp\/v2\/media?parent=456"}],"wp:term":[{"taxonomy":"category","embeddable":true,"href":"https:\/\/yoncagazetesi.com\/index.php\/wp-json\/wp\/v2\/categories?post=456"},{"taxonomy":"post_tag","embeddable":true,"href":"https:\/\/yoncagazetesi.com\/index.php\/wp-json\/wp\/v2\/tags?post=456"}],"curies":[{"name":"wp","href":"https:\/\/api.w.org\/{rel}","templated":true}]}}