{"id":107,"date":"2016-10-11T19:04:23","date_gmt":"2016-10-11T16:04:23","guid":{"rendered":"http:\/\/demo.cizoglubilisim.com\/EsenKadin-5\/2016\/10\/11\/kalp-dostu-sarimsak-limon-ve-maydanoz-kuru\/"},"modified":"2016-10-11T19:04:23","modified_gmt":"2016-10-11T16:04:23","slug":"kalp-dostu-sarimsak-limon-ve-maydanoz-kuru","status":"publish","type":"post","link":"https:\/\/yoncagazetesi.com\/index.php\/2016\/10\/11\/kalp-dostu-sarimsak-limon-ve-maydanoz-kuru\/","title":{"rendered":"Kalp Dostu Sar\u0131msak Limon ve Maydanoz K\u00fcr\u00fc"},"content":{"rendered":"<p>Lorem Ipsum pasajlar\u0131n\u0131n bir\u00e7ok \u00e7e\u015fitlemesi vard\u0131r. Ancak bunlar\u0131n b\u00fcy\u00fck bir \u00e7o\u011funlu\u011fu mizah kat\u0131larak veya rastgele s\u00f6zc\u00fckler eklenerek de\u011fi\u015ftirilmi\u015flerdir. E\u011fer bir Lorem Ipsum pasaj\u0131 kullanacaksan\u0131z, metin aralar\u0131na utand\u0131r\u0131c\u0131 s\u00f6zc\u00fckler gizlenmedi\u011finden emin olman\u0131z gerekir.<\/p>\n<p>\u0130nternet\u2019teki t\u00fcm Lorem Ipsum \u00fcrete\u00e7leri \u00f6nceden belirlenmi\u015f metin bloklar\u0131n\u0131 yineler. Bu da, bu \u00fcreteci \u0130nternet \u00fczerindeki ger\u00e7ek Lorem Ipsum \u00fcreteci yapar. Bu \u00fcrete\u00e7, 200\u2019den fazla Latince s\u00f6zc\u00fck ve onlara ait c\u00fcmle yap\u0131lar\u0131n\u0131 i\u00e7eren bir s\u00f6zl\u00fck kullan\u0131r. Bu nedenle, \u00fcretilen Lorem Ipsum metinleri yinelemelerden, mizahtan ve karakteristik olmayan s\u00f6zc\u00fcklerden uzakt\u0131r.<\/p>\n<p>Bezmialem Vak\u0131f \u00dcniversitesi Fiziksel T\u0131p Ve Rehabilitasyon Anabilim Dal\u0131 Ba\u015fkan\u0131 Prof. Dr. Teoman Ayd\u0131n, her y\u0131l bin ki\u015fiden 7\u2019sinin inme ile kar\u015f\u0131 kar\u015f\u0131ya oldu\u011funu belirterek, &#8220;Bunun nedeni beyine giden damarlar\u0131n veya beyin i\u00e7indeki damarlar\u0131n t\u0131kanmas\u0131 veya daralmas\u0131d\u0131r.\u201d dedi.<\/p>\n<p>\u00dcniversiteden yap\u0131lan a\u00e7\u0131klamaya g\u00f6re, Bezmialem Vak\u0131f \u00dcniversitesinde \u0130skemik \u0130nmede Multidisipliner Yakla\u015f\u0131mlar Sempozyumu ger\u00e7ekle\u015ftirildi.<\/p>\n<p>A\u00e7\u0131klamada g\u00f6r\u00fc\u015flerine yer verilen Prof. Dr. Ayd\u0131n, T\u00fcrkiye\u2019de ya\u015fam s\u00fcresinin uzad\u0131\u011f\u0131n\u0131 belirterek, bundan dolay\u0131 daha fazla inme vakalar\u0131yla kar\u015f\u0131la\u015f\u0131laca\u011f\u0131n\u0131 kaydetti.<\/p>\n<p>Prof. Dr. Ayd\u0131n, inmeli hastalarda tedavi, takip ve rehabilitasyon etkinli\u011finin art\u0131r\u0131lmas\u0131 ve senkronizasyonun geli\u015ftirilmesinin hayati \u00f6nem ta\u015f\u0131d\u0131\u011f\u0131n\u0131 bildirdi.<\/p>\n<p>\u0130nmeli hastalar\u0131n te\u015fhis ve tedavisinde yer alan t\u00fcm disiplinleri bir araya getirdiklerini belirten Ayd\u0131n, &#8220;Bran\u015flar\u0131n birbiriyle temas etmesi ve en uygun tedavinin en h\u0131zl\u0131 \u015fekilde ger\u00e7ekle\u015ftirilmesi inmeli hastalar i\u00e7in \u00e7ok \u00f6nemlidir. Bu sempozyumda bir olgu \u00fczerinden acil birimden rehabilitasyon a\u015famas\u0131na kadar olan s\u00fcreci multidisipliner bak\u0131\u015f a\u00e7\u0131s\u0131yla ele ald\u0131k ve de\u011ferlendirdik.&#8221; ifadelerini kulland\u0131.<\/p>\n<p>Ayd\u0131n, T\u00fcrkiye\u2019deki inmeli hasta rakamlar\u0131na da de\u011finerek, inmenin \u00f6l\u00fcm nedenleri aras\u0131nda kalp hastal\u0131klar\u0131 ve kanserden sonra \u00fc\u00e7\u00fcnc\u00fc s\u0131rada yer ald\u0131\u011f\u0131n\u0131 kaydetti.<\/p>\n<p>\u00d6l\u00fcmlerin y\u00fczde 10\u2019unun inme nedeniyle ger\u00e7ekle\u015fti\u011fini aktaran Ayd\u0131n, \u201cHer y\u0131l bin ki\u015fiden 7\u2019si inme felaketiyle kar\u015f\u0131 kar\u015f\u0131yad\u0131r. \u0130nmenin ba\u015fl\u0131ca nedeni beyne giden damarlar\u0131n veya beyin i\u00e7indeki damarlar\u0131n \u00e7e\u015fitli \u015fekillerde t\u0131kanmas\u0131 veya daralmas\u0131d\u0131r. Di\u011fer nedeni ise beyin dokusu i\u00e7inde meydana gelen beyin kanamas\u0131d\u0131r.\u201d de\u011ferlendirmesinde bulundu.<\/p>\n<p>Ayd\u0131n, ya\u015flanmayla birlikte inme riskinin artt\u0131\u011f\u0131na da vurgu yapt\u0131.<\/p>\n","protected":false},"excerpt":{"rendered":"<p>Lorem Ipsum pasajlar\u0131n\u0131n bir\u00e7ok \u00e7e\u015fitlemesi vard\u0131r. Ancak bunlar\u0131n b\u00fcy\u00fck bir \u00e7o\u011funlu\u011fu mizah kat\u0131larak veya rastgele s\u00f6zc\u00fckler eklenerek de\u011fi\u015ftirilmi\u015flerdir. E\u011fer bir Lorem Ipsum pasaj\u0131 kullanacaksan\u0131z, metin aralar\u0131na utand\u0131r\u0131c\u0131 s\u00f6zc\u00fckler gizlenmedi\u011finden emin olman\u0131z gerekir. \u0130nternet\u2019teki t\u00fcm Lorem Ipsum \u00fcrete\u00e7leri \u00f6nceden belirlenmi\u015f metin bloklar\u0131n\u0131 yineler. Bu da, bu \u00fcreteci \u0130nternet \u00fczerindeki ger\u00e7ek Lorem Ipsum \u00fcreteci yapar. Bu \u00fcrete\u00e7, [&hellip;]<\/p>\n","protected":false},"author":1,"featured_media":244,"comment_status":"open","ping_status":"open","sticky":false,"template":"","format":"standard","meta":{"footnotes":""},"categories":[10],"tags":[41,96],"class_list":["post-107","post","type-post","status-publish","format-standard","has-post-thumbnail","hentry","category-saglik","tag-bezmialem-vakif-universitesi","tag-iskemik-inmede-multidisipliner-yaklasimlar-sempozyumu"],"_links":{"self":[{"href":"https:\/\/yoncagazetesi.com\/index.php\/wp-json\/wp\/v2\/posts\/107","targetHints":{"allow":["GET"]}}],"collection":[{"href":"https:\/\/yoncagazetesi.com\/index.php\/wp-json\/wp\/v2\/posts"}],"about":[{"href":"https:\/\/yoncagazetesi.com\/index.php\/wp-json\/wp\/v2\/types\/post"}],"author":[{"embeddable":true,"href":"https:\/\/yoncagazetesi.com\/index.php\/wp-json\/wp\/v2\/users\/1"}],"replies":[{"embeddable":true,"href":"https:\/\/yoncagazetesi.com\/index.php\/wp-json\/wp\/v2\/comments?post=107"}],"version-history":[{"count":0,"href":"https:\/\/yoncagazetesi.com\/index.php\/wp-json\/wp\/v2\/posts\/107\/revisions"}],"wp:featuredmedia":[{"embeddable":true,"href":"https:\/\/yoncagazetesi.com\/index.php\/wp-json\/wp\/v2\/media\/244"}],"wp:attachment":[{"href":"https:\/\/yoncagazetesi.com\/index.php\/wp-json\/wp\/v2\/media?parent=107"}],"wp:term":[{"taxonomy":"category","embeddable":true,"href":"https:\/\/yoncagazetesi.com\/index.php\/wp-json\/wp\/v2\/categories?post=107"},{"taxonomy":"post_tag","embeddable":true,"href":"https:\/\/yoncagazetesi.com\/index.php\/wp-json\/wp\/v2\/tags?post=107"}],"curies":[{"name":"wp","href":"https:\/\/api.w.org\/{rel}","templated":true}]}}