{"id":105,"date":"2016-10-11T19:03:52","date_gmt":"2016-10-11T16:03:52","guid":{"rendered":"http:\/\/demo.cizoglubilisim.com\/EsenKadin-5\/2016\/10\/11\/seker-hastalari-icin-bitkisel-cay-tarifi\/"},"modified":"2016-10-11T19:03:52","modified_gmt":"2016-10-11T16:03:52","slug":"seker-hastalari-icin-bitkisel-cay-tarifi","status":"publish","type":"post","link":"https:\/\/yoncagazetesi.com\/index.php\/2016\/10\/11\/seker-hastalari-icin-bitkisel-cay-tarifi\/","title":{"rendered":"\u015eeker Hastalar\u0131 \u0130\u00e7in Bitkisel \u00c7ay Tarifi"},"content":{"rendered":"<p>Harvard \u00dcniversitesi Gen\u00e7 Akademi \u00fcyesi ve &#8220;giyilebilir kalp pili&#8221;nin mucidi Dr. Canan Da\u011fdeviren, ailesinde g\u00f6rd\u00fc\u011f\u00fc hastal\u0131klardan ilham alarak hayata ge\u00e7irdi\u011fi projelerle insanlar i\u00e7in umut oluyor.<\/p>\n<p>Harvard \u00dcniversitesi Gen\u00e7 Akademi \u00fcyeli\u011fine se\u00e7ilen ilk T\u00fcrk bilim insan\u0131 olan ve MIT Technology Review dergisinin ge\u00e7en y\u0131l derledi\u011fi &#8220;35 Ya\u015f Alt\u0131 35 Yenilik\u00e7i&#8221; ile Forbes dergisinin &#8220;30 Ya\u015f\u0131ndan K\u00fc\u00e7\u00fck 30 Bilim \u0130nsan\u0131&#8221; listelerinde yer alan Da\u011fdeviren, AA muhabirine yapt\u0131\u011f\u0131 a\u00e7\u0131klamada, 1999&#8217;da ya\u015fanan G\u00f6lc\u00fck depreminin ard\u0131ndan Adana&#8217;ya misafir \u00f6\u011frenci olarak geldi\u011fini s\u00f6yledi.<\/p>\n<p>Adana&#8217;daki \u00c7EA\u015e Anadolu Lisesini bitirdikten sonra fizik alan\u0131nda kariyerini s\u00fcrd\u00fcren Da\u011fdeviren, e\u011fitim alan\u0131ndaki ba\u015far\u0131s\u0131nda ailesinin b\u00fcy\u00fck deste\u011fini g\u00f6rd\u00fc\u011f\u00fcn\u00fc belirtti.<\/p>\n<p>Bilim insan\u0131 olmas\u0131nda ise babas\u0131n\u0131n ald\u0131\u011f\u0131 kitaptaki Frans\u0131z fizik\u00e7i Pierre Curie&#8217;ye &#8220;a\u015f\u0131k olmas\u0131n\u0131n&#8221; etkili oldu\u011funu dile getiren Da\u011fdeviren, fizik alan\u0131nda en b\u00fcy\u00fck deste\u011fi annesinden g\u00f6rd\u00fc\u011f\u00fcn\u00fc anlatt\u0131.<\/p>\n<p>&#8211; &#8220;Dedesinin \u00f6ld\u00fc\u011f\u00fc ya\u015fta mucit oldu&#8221;<\/p>\n<p>Da\u011fdeviren, dedesinin 28 ya\u015f\u0131nda kalp yetmezli\u011finden \u00f6lmesinin kendisini etkiledi\u011fini, bundan dolay\u0131 onun \u00f6ld\u00fc\u011f\u00fc ya\u015fa gelinceye kadar kalp hastalar\u0131 i\u00e7in bir \u015feyler yapmaya karar verdi\u011fini vurgulad\u0131.<\/p>\n<p>&#8220;Giyilebilir kalp pili&#8221;ni 28 ya\u015f\u0131nda tamamlad\u0131\u011f\u0131n\u0131 aktaran Da\u011fdeviren, &#8220;Bu icatla y\u0131l\u0131n giri\u015fimcisi se\u00e7ildim. Kalbinizin ritmi iyi de\u011filse ritmi d\u00fczeltecek kalp pilleri kullan\u0131yoruz ve bu pillerin 6-7 y\u0131lda bir de\u011fi\u015ftirilmek durumunda. Kalbiniz kas\u0131l\u0131p gev\u015fedik\u00e7e, siz nefes al\u0131p verdik\u00e7e kalbinizin \u00fczerine yap\u0131\u015ft\u0131r\u0131lan pil sayesinde elektrik \u00fcretebiliyorsunuz ve bu elektri\u011fi kullanabiliyorsunuz.&#8221; ifadelerini kulland\u0131.<\/p>\n<p>\u0130catlar\u0131nda ailesinde g\u00f6rd\u00fc\u011f\u00fc hastal\u0131klar\u0131n ve onlardan gelen taleplerin etkili oldu\u011funu dile getiren Da\u011fdeviren, \u015f\u00f6yle konu\u015ftu:<\/p>\n<p>&#8220;Genelde bilim insanlar\u0131 do\u011fadan beslenirler. Benim \u00e7al\u0131\u015fma konular\u0131m\u0131n esin kayna\u011f\u0131 da ailemde g\u00f6rd\u00fc\u011f\u00fcm hastal\u0131klar. Benim yapt\u0131\u011f\u0131m \u00e7al\u0131\u015fmalar tamamen ailemin hastal\u0131klar\u0131 ve istekleri \u00fczerine tasarland\u0131. T\u00fcrkiye&#8217;den Amerika&#8217;ya her gitti\u011fimde anneme y\u00fcz kremleri al\u0131yorum bana &#8216;Bu y\u00fcz kremi ger\u00e7ekten i\u015fe yar\u0131yor mu?&#8217; diye sormu\u015ftu. Ben de onun i\u00e7in bir alet tasarlamaya karar verdim ancak sadece annem i\u00e7in de\u011fil bir\u00e7ok deri hastal\u0131\u011f\u0131na sahip olanlar i\u00e7in yapt\u0131m. Bu aletle kullan\u0131lan ilac\u0131n etkisini \u00f6\u011frenebiliyoruz.&#8221;<\/p>\n<p>Da\u011fdeviren, anneannesinin ve teyzesinin kanserden vefat etti\u011fini dile getirerek, &#8220;Anneannem bir y\u0131l \u00f6nce meme kanserinden, teyzem ise 1,5 y\u0131l \u00f6nce kolon kanserinden vefat etti. Meme kanserinin tedavisinde kullan\u0131lacak bir cihaz ve kolonoskopide kullan\u0131lacak bir aparat geli\u015ftirece\u011fim. B\u00f6ylece kanser hastalar\u0131na yararl\u0131 olmak istiyorum. \u00c7al\u0131\u015fmalar\u0131m bu \u015fekilde s\u00fcr\u00fcyor.&#8221; ifadesini kulland\u0131.<\/p>\n<p>&nbsp;<\/p>\n<p>Lorem Ipsum pasajlar\u0131n\u0131n bir\u00e7ok \u00e7e\u015fitlemesi vard\u0131r. Ancak bunlar\u0131n b\u00fcy\u00fck bir \u00e7o\u011funlu\u011fu mizah kat\u0131larak veya rastgele s\u00f6zc\u00fckler eklenerek de\u011fi\u015ftirilmi\u015flerdir. E\u011fer bir Lorem Ipsum pasaj\u0131 kullanacaksan\u0131z, metin aralar\u0131na utand\u0131r\u0131c\u0131 s\u00f6zc\u00fckler gizlenmedi\u011finden emin olman\u0131z gerekir. \u0130nternet\u2019teki t\u00fcm Lorem Ipsum \u00fcrete\u00e7leri \u00f6nceden belirlenmi\u015f metin bloklar\u0131n\u0131 yineler. Bu da, bu \u00fcreteci \u0130nternet \u00fczerindeki ger\u00e7ek Lorem Ipsum \u00fcreteci yapar. Bu \u00fcrete\u00e7, 200\u2019den fazla Latince s\u00f6zc\u00fck ve onlara ait c\u00fcmle yap\u0131lar\u0131n\u0131 i\u00e7eren bir s\u00f6zl\u00fck kullan\u0131r. Bu nedenle, \u00fcretilen Lorem Ipsum metinleri yinelemelerden, mizahtan ve karakteristik olmayan s\u00f6zc\u00fcklerden uzakt\u0131r.<\/p>\n","protected":false},"excerpt":{"rendered":"<p>Harvard \u00dcniversitesi Gen\u00e7 Akademi \u00fcyesi ve &#8220;giyilebilir kalp pili&#8221;nin mucidi Dr. Canan Da\u011fdeviren, ailesinde g\u00f6rd\u00fc\u011f\u00fc hastal\u0131klardan ilham alarak hayata ge\u00e7irdi\u011fi projelerle insanlar i\u00e7in umut oluyor. Harvard \u00dcniversitesi Gen\u00e7 Akademi \u00fcyeli\u011fine se\u00e7ilen ilk T\u00fcrk bilim insan\u0131 olan ve MIT Technology Review dergisinin ge\u00e7en y\u0131l derledi\u011fi &#8220;35 Ya\u015f Alt\u0131 35 Yenilik\u00e7i&#8221; ile Forbes dergisinin &#8220;30 Ya\u015f\u0131ndan K\u00fc\u00e7\u00fck [&hellip;]<\/p>\n","protected":false},"author":1,"featured_media":246,"comment_status":"open","ping_status":"open","sticky":false,"template":"","format":"standard","meta":{"footnotes":""},"categories":[10],"tags":[17,59],"class_list":["post-105","post","type-post","status-publish","format-standard","has-post-thumbnail","hentry","category-saglik","tag-adana","tag-dr-canan-dagdeviren"],"_links":{"self":[{"href":"https:\/\/yoncagazetesi.com\/index.php\/wp-json\/wp\/v2\/posts\/105","targetHints":{"allow":["GET"]}}],"collection":[{"href":"https:\/\/yoncagazetesi.com\/index.php\/wp-json\/wp\/v2\/posts"}],"about":[{"href":"https:\/\/yoncagazetesi.com\/index.php\/wp-json\/wp\/v2\/types\/post"}],"author":[{"embeddable":true,"href":"https:\/\/yoncagazetesi.com\/index.php\/wp-json\/wp\/v2\/users\/1"}],"replies":[{"embeddable":true,"href":"https:\/\/yoncagazetesi.com\/index.php\/wp-json\/wp\/v2\/comments?post=105"}],"version-history":[{"count":0,"href":"https:\/\/yoncagazetesi.com\/index.php\/wp-json\/wp\/v2\/posts\/105\/revisions"}],"wp:featuredmedia":[{"embeddable":true,"href":"https:\/\/yoncagazetesi.com\/index.php\/wp-json\/wp\/v2\/media\/246"}],"wp:attachment":[{"href":"https:\/\/yoncagazetesi.com\/index.php\/wp-json\/wp\/v2\/media?parent=105"}],"wp:term":[{"taxonomy":"category","embeddable":true,"href":"https:\/\/yoncagazetesi.com\/index.php\/wp-json\/wp\/v2\/categories?post=105"},{"taxonomy":"post_tag","embeddable":true,"href":"https:\/\/yoncagazetesi.com\/index.php\/wp-json\/wp\/v2\/tags?post=105"}],"curies":[{"name":"wp","href":"https:\/\/api.w.org\/{rel}","templated":true}]}}